{"id":1211,"date":"2024-08-07T13:15:51","date_gmt":"2024-08-07T13:15:51","guid":{"rendered":"https:\/\/www.serawahotels.com\/hoteles-sostenibles\/?p=1211"},"modified":"2024-12-16T09:18:40","modified_gmt":"2024-12-16T09:18:40","slug":"ruta-moraira-calpe","status":"publish","type":"post","link":"https:\/\/www.serawahotels.com\/hoteles-sostenibles\/naturaleza\/ruta-moraira-calpe\/","title":{"rendered":"Ruta Calpe-Moraira: Una ruta ecol\u00f3gica de la Cala Cap Blanc hasta Moraira"},"content":{"rendered":"\t\t<div data-elementor-type=\"wp-post\" data-elementor-id=\"1211\" class=\"elementor elementor-1211\">\n\t\t\t\t\t\t<section class=\"elementor-section elementor-top-section elementor-element elementor-element-6568619e elementor-section-height-min-height elementor-section-boxed elementor-section-height-default elementor-section-items-middle\" data-id=\"6568619e\" data-element_type=\"section\" data-settings=\"{&quot;background_background&quot;:&quot;classic&quot;}\">\n\t\t\t\t\t\t\t<div class=\"elementor-background-overlay\"><\/div>\n\t\t\t\t\t\t\t<div class=\"elementor-container elementor-column-gap-default\">\n\t\t\t\t\t<div class=\"elementor-column elementor-col-100 elementor-top-column elementor-element elementor-element-79e24696\" data-id=\"79e24696\" data-element_type=\"column\">\n\t\t\t<div class=\"elementor-widget-wrap\">\n\t\t\t\t\t\t\t<\/div>\n\t\t<\/div>\n\t\t\t\t\t<\/div>\n\t\t<\/section>\n\t\t<div class=\"elementor-element elementor-element-7b945aa8 e-flex e-con-boxed e-con e-parent\" data-id=\"7b945aa8\" data-element_type=\"container\">\n\t\t\t\t\t<div class=\"e-con-inner\">\n\t\t<div class=\"elementor-element elementor-element-7b77f4f4 e-con-full e-flex e-con e-child\" data-id=\"7b77f4f4\" data-element_type=\"container\">\n\t\t\t\t<div class=\"elementor-element elementor-element-854e68a elementor-widget elementor-widget-heading\" data-id=\"854e68a\" data-element_type=\"widget\" data-widget_type=\"heading.default\">\n\t\t\t\t<div class=\"elementor-widget-container\">\n\t\t\t\t\t<h4 class=\"elementor-heading-title elementor-size-default\">Nuestros \u00faltimos art\u00edculos<\/h4>\t\t\t\t<\/div>\n\t\t\t\t<\/div>\n\t\t\t\t<div class=\"elementor-element elementor-element-75a38a2b elementor-widget elementor-widget-elementskit-post-list\" data-id=\"75a38a2b\" data-element_type=\"widget\" data-widget_type=\"elementskit-post-list.default\">\n\t\t\t\t<div class=\"elementor-widget-container\">\n\t\t\t\t\t<div class=\"ekit-wid-con\" >\t\t<ul class=\"elementor-icon-list-items ekit-post-list-wrapper \">\n\t\t\t\t\t\t<li class=\"elementor-icon-list-item   \">\n\t\t\t\t<a href=\"https:\/\/www.serawahotels.com\/hoteles-sostenibles\/romantico\/regalos-san-valentin\/\" >\n\t\t\t\t\t\t\t\t\t\t\t\t\t<span class=\"elementor-icon-list-icon\">\n\t\t\t\t\t\t\t\t\t<i aria-hidden=\"true\" class=\"icon icon-minus\"><\/i>\t\t\t\t\t\t\t\t<\/span>\n\t\t\t\t\t\t\t\t\t\t\t\t<div class=\"ekit_post_list_content_wraper\">\n\t\t\t\t\t\t\n\t\t\t\t\t\t<span class=\"elementor-icon-list-text\">20 ideas de regalos de San Valent\u00edn para \u00e9l y para ella<\/span>\n\n\t\t\t\t\t\t\t\t\t\t\t<\/div>\n\t\t\t\t<\/a>\n\t\t\t<\/li>\n\t\t\t\t\t<li class=\"elementor-icon-list-item   \">\n\t\t\t\t<a href=\"https:\/\/www.serawahotels.com\/hoteles-sostenibles\/costa-blanca\/semana-santa-2025\/\" >\n\t\t\t\t\t\t\t\t\t\t\t\t\t<span class=\"elementor-icon-list-icon\">\n\t\t\t\t\t\t\t\t\t<i aria-hidden=\"true\" class=\"icon icon-minus\"><\/i>\t\t\t\t\t\t\t\t<\/span>\n\t\t\t\t\t\t\t\t\t\t\t\t<div class=\"ekit_post_list_content_wraper\">\n\t\t\t\t\t\t\n\t\t\t\t\t\t<span class=\"elementor-icon-list-text\">Semana Santa 2025 \u2013 Descubre las tradiciones de Alicante y Moraira<\/span>\n\n\t\t\t\t\t\t\t\t\t\t\t<\/div>\n\t\t\t\t<\/a>\n\t\t\t<\/li>\n\t\t\t\t\t<li class=\"elementor-icon-list-item   \">\n\t\t\t\t<a href=\"https:\/\/www.serawahotels.com\/hoteles-sostenibles\/costa-blanca\/que-hacer-en-moraira-en-invierno\/\" >\n\t\t\t\t\t\t\t\t\t\t\t\t\t<span class=\"elementor-icon-list-icon\">\n\t\t\t\t\t\t\t\t\t<i aria-hidden=\"true\" class=\"icon icon-minus\"><\/i>\t\t\t\t\t\t\t\t<\/span>\n\t\t\t\t\t\t\t\t\t\t\t\t<div class=\"ekit_post_list_content_wraper\">\n\t\t\t\t\t\t\n\t\t\t\t\t\t<span class=\"elementor-icon-list-text\">Los 10 mejores planes de invierno en Moraira (para todos los gustos)<\/span>\n\n\t\t\t\t\t\t\t\t\t\t\t<\/div>\n\t\t\t\t<\/a>\n\t\t\t<\/li>\n\t\t\t\t\t<li class=\"elementor-icon-list-item   \">\n\t\t\t\t<a href=\"https:\/\/www.serawahotels.com\/hoteles-sostenibles\/costa-blanca\/que-hacer-en-moraira-en-diciembre-y-navidad\/\" >\n\t\t\t\t\t\t\t\t\t\t\t\t\t<span class=\"elementor-icon-list-icon\">\n\t\t\t\t\t\t\t\t\t<i aria-hidden=\"true\" class=\"icon icon-minus\"><\/i>\t\t\t\t\t\t\t\t<\/span>\n\t\t\t\t\t\t\t\t\t\t\t\t<div class=\"ekit_post_list_content_wraper\">\n\t\t\t\t\t\t\n\t\t\t\t\t\t<span class=\"elementor-icon-list-text\">Qu\u00e9 hacer en Moraira en diciembre (y en Navidad)<\/span>\n\n\t\t\t\t\t\t\t\t\t\t\t<\/div>\n\t\t\t\t<\/a>\n\t\t\t<\/li>\n\t\t\t\t\t<li class=\"elementor-icon-list-item   \">\n\t\t\t\t<a href=\"https:\/\/www.serawahotels.com\/hoteles-sostenibles\/gastronomia\/cocina-serawa-moraira-aqui-la-tierra\/\" >\n\t\t\t\t\t\t\t\t\t\t\t\t\t<span class=\"elementor-icon-list-icon\">\n\t\t\t\t\t\t\t\t\t<i aria-hidden=\"true\" class=\"icon icon-minus\"><\/i>\t\t\t\t\t\t\t\t<\/span>\n\t\t\t\t\t\t\t\t\t\t\t\t<div class=\"ekit_post_list_content_wraper\">\n\t\t\t\t\t\t\n\t\t\t\t\t\t<span class=\"elementor-icon-list-text\">SERAWA Moraira en Aqu\u00ed la Tierra: \u00a1Del mar a la mesa!<\/span>\n\n\t\t\t\t\t\t\t\t\t\t\t<\/div>\n\t\t\t\t<\/a>\n\t\t\t<\/li>\n\t\t\t\t<\/ul>\n\t\t<\/div>\t\t\t\t<\/div>\n\t\t\t\t<\/div>\n\t\t\t\t<div class=\"elementor-element elementor-element-1b11fb58 elementor-widget-divider--view-line elementor-widget elementor-widget-divider\" data-id=\"1b11fb58\" data-element_type=\"widget\" data-widget_type=\"divider.default\">\n\t\t\t\t<div class=\"elementor-widget-container\">\n\t\t\t\t\t\t\t<div class=\"elementor-divider\">\n\t\t\t<span class=\"elementor-divider-separator\">\n\t\t\t\t\t\t<\/span>\n\t\t<\/div>\n\t\t\t\t\t\t<\/div>\n\t\t\t\t<\/div>\n\t\t\t\t<div class=\"elementor-element elementor-element-5210d8ef elementor-widget elementor-widget-heading\" data-id=\"5210d8ef\" data-element_type=\"widget\" data-widget_type=\"heading.default\">\n\t\t\t\t<div class=\"elementor-widget-container\">\n\t\t\t\t\t<h4 class=\"elementor-heading-title elementor-size-default\">Vive la experiencia SERAWA<\/h4>\t\t\t\t<\/div>\n\t\t\t\t<\/div>\n\t\t\t\t<div class=\"elementor-element elementor-element-724c39bb ekit-image-accordion-vertical ekit-image-accordion-click elementor-widget elementor-widget-elementskit-image-accordion\" data-id=\"724c39bb\" data-element_type=\"widget\" data-widget_type=\"elementskit-image-accordion.default\">\n\t\t\t\t<div class=\"elementor-widget-container\">\n\t\t\t\t\t<div class=\"ekit-wid-con\" >\t\t<div class=\"ekit-image-accordion elementskit-image-accordion-wraper\">\n\t\t\t                <input type=\"radio\" name=\"ekit_ia_724c39bb\" id=\"ekit_ia_724c39bb_0\" class=\"elementskit-single-image-accordion--input\" checked=\"checked\" hidden>\n                <label for=\"ekit_ia_724c39bb_0\" class=\"elementskit-single-image-accordion ekit-image-accordion-item\" style=\"background-image: url(https:\/\/www.serawahotels.com\/hoteles-sostenibles\/wp-content\/uploads\/2024\/06\/RESERVA-TUS-VACACIONES-EN-SERAWA-8.jpg)\">\n                    <span class=\"elementskit-accordion-content\">\n\t\t\t\t\t\t\t\t\t\t\t\t\t<span class=\"elementskit-accordion-title-wraper\">\n\t\t\t\t\t\t\t\t<span class=\"elementskit-accordion-title \">\n\t\t\t\t\t\t\t\t\n\t\t\t\t\t\t\t\t\n\t\t\t\t\t\t\t\t\t\t\t\t\t\t\t\t<\/span>\n\t\t\t\t\t\t\t<\/span>\n\t\t\t\t\t\t\t\t\t\t\t\t\t\t<span class=\"elementskit-btn-wraper\">\n\t\t\t\t\t\t\t\t<a class=\"ekit-image-accordion--btn elementskit-btn whitespace--normal\" href=\"https:\/\/www.serawahotels.com\/hoteles\/serawa-moraira\/\">\n\t\t\t\t\t\t\t\t\tDescubre Moraira\t\t\t\t\t\t\t\t<\/a>\n\t\t\t\t\t\t\t<\/span>\n\t\t\t\t\t\t                    <\/span>\n                <\/label>\n                            <input type=\"radio\" name=\"ekit_ia_724c39bb\" id=\"ekit_ia_724c39bb_1\" class=\"elementskit-single-image-accordion--input\" checked=\"checked\" hidden>\n                <label for=\"ekit_ia_724c39bb_1\" class=\"elementskit-single-image-accordion ekit-image-accordion-item\" style=\"background-image: url(https:\/\/www.serawahotels.com\/hoteles-sostenibles\/wp-content\/uploads\/2024\/06\/26.jpg)\">\n                    <span class=\"elementskit-accordion-content\">\n\t\t\t\t\t\t\t\t\t\t\t\t\t<span class=\"elementskit-accordion-title-wraper\">\n\t\t\t\t\t\t\t\t<span class=\"elementskit-accordion-title \">\n\t\t\t\t\t\t\t\t\n\t\t\t\t\t\t\t\t\n\t\t\t\t\t\t\t\t\t\t\t\t\t\t\t\t<\/span>\n\t\t\t\t\t\t\t<\/span>\n\t\t\t\t\t\t\t\t\t\t\t\t\t\t<span class=\"elementskit-btn-wraper\">\n\t\t\t\t\t\t\t\t<a class=\"ekit-image-accordion--btn elementskit-btn whitespace--normal\" href=\"https:\/\/www.serawahotels.com\/hoteles\/serawa-alicante\/\">\n\t\t\t\t\t\t\t\t\tDescubre Alicante\t\t\t\t\t\t\t\t<\/a>\n\t\t\t\t\t\t\t<\/span>\n\t\t\t\t\t\t                    <\/span>\n                <\/label>\n                    <\/div>\n    <\/div>\t\t\t\t<\/div>\n\t\t\t\t<\/div>\n\t\t\t\t<div class=\"elementor-element elementor-element-33636f91 elementor-widget elementor-widget-heading\" data-id=\"33636f91\" data-element_type=\"widget\" data-widget_type=\"heading.default\">\n\t\t\t\t<div class=\"elementor-widget-container\">\n\t\t\t\t\t<p class=\"elementor-heading-title elementor-size-default\">Si te gusta el contenido, suscr\u00edbete a nuestra newsletter y no te pierdas nada.<\/p>\t\t\t\t<\/div>\n\t\t\t\t<\/div>\n\t\t\t\t<div class=\"elementor-element elementor-element-7d2f173c elementor-widget elementor-widget-elementskit-mail-chimp\" data-id=\"7d2f173c\" data-element_type=\"widget\" data-widget_type=\"elementskit-mail-chimp.default\">\n\t\t\t\t<div class=\"elementor-widget-container\">\n\t\t\t\t\t<div class=\"ekit-wid-con\" >\t\t<div class=\"ekit-mail-chimp\">\n\t\t<form method=\"post\" class=\"ekit-mailChimpForm\" data-listed=\"\" data-success-message=\"Se ha a\u00f1adido correctamente este correo electr\u00f3nico.\" data-success-opt-in-message=\"\">\n\t\t\t<div class=\"ekit-mail-message\"><\/div>\n\t\t\t<input type=\"hidden\" name=\"double_opt_in\" value=\"no\">\n\n\t\t\t\t<div class=\"elementskit_form_wraper elementskit_inline_form\">\n\t\t\t\t\t\t\t\t\t\t\t\t\t<div class=\"ekit-mail-chimp-email elementskit_input_wraper elementskit_input_container\">\n\t\t\t\t\t\t<div class=\"elementskit_form_group\">\n\t\t\t\t\t\t\t\t\t\t\t\t\t\t<div class=\"elementskit_input_element_container \">\n\t\t\t\t\t\t\t\t\t\t\t\t\t\t\t\t<input type=\"email\" aria-label=\"email\" name=\"email\" class=\"ekit_mail_email ekit_form_control \" placeholder=\"Tu email\" required \/>\n\n\t\t\t\t\t\t\t\t\t\t\t\t\t\t\t<\/div>\n\t\t\t\t\t\t<\/div>\n\t\t\t\t\t<\/div>\n\t\t\t\t\t<div class=\"ekit_submit_input_holder elementskit_input_wraper\">\n\t\t\t\t\t\t<button type=\"submit\" aria-label=\"submit\" class=\"ekit-mail-submit\" name=\"ekit_mail_chimp\">Suscr\u00edbete<\/button>\n\t\t\t\t\t<\/div>\n\t\t\t\t<\/div>\n\t\t\t<\/form>\n\t\t<\/div>\n\t\t<\/div>\t\t\t\t<\/div>\n\t\t\t\t<\/div>\n\t\t\t\t<\/div>\n\t\t<div class=\"elementor-element elementor-element-6699c6d4 e-con-full e-flex e-con e-child\" data-id=\"6699c6d4\" data-element_type=\"container\">\n\t\t\t\t<div class=\"elementor-element elementor-element-6cbb13fd elementor-widget elementor-widget-heading\" data-id=\"6cbb13fd\" data-element_type=\"widget\" data-widget_type=\"heading.default\">\n\t\t\t\t<div class=\"elementor-widget-container\">\n\t\t\t\t\t<h1 class=\"elementor-heading-title elementor-size-default\"><span class=\"ez-toc-section\" id=\"Ruta_Calpe-Moraira_Una_ruta_ecologica_de_las_mejores_calas_de_Calpe_hasta_el_Castillo_de_Moraira\"><\/span>Ruta Calpe-Moraira: Una ruta ecol\u00f3gica de las mejores calas de Calpe hasta el Castillo de Moraira<span class=\"ez-toc-section-end\"><\/span><\/h1>\t\t\t\t<\/div>\n\t\t\t\t<\/div>\n\t\t\t\t<div class=\"elementor-element elementor-element-3a08247b elementor-widget elementor-widget-image\" data-id=\"3a08247b\" data-element_type=\"widget\" data-widget_type=\"image.default\">\n\t\t\t\t<div class=\"elementor-widget-container\">\n\t\t\t\t\t\t\t\t\t\t\t\t\t\t\t<img fetchpriority=\"high\" decoding=\"async\" width=\"800\" height=\"534\" src=\"https:\/\/www.serawahotels.com\/hoteles-sostenibles\/wp-content\/uploads\/2024\/08\/Ruta-Moraira-Calpe-11-1024x683.jpg\" class=\"attachment-large size-large wp-image-1212\" alt=\"Ruta de Calpe a Moraira. Senderismo calas de Moraira\" srcset=\"https:\/\/www.serawahotels.com\/hoteles-sostenibles\/wp-content\/uploads\/2024\/08\/Ruta-Moraira-Calpe-11-1024x683.jpg 1024w, https:\/\/www.serawahotels.com\/hoteles-sostenibles\/wp-content\/uploads\/2024\/08\/Ruta-Moraira-Calpe-11-300x200.jpg 300w, https:\/\/www.serawahotels.com\/hoteles-sostenibles\/wp-content\/uploads\/2024\/08\/Ruta-Moraira-Calpe-11-768x512.jpg 768w, https:\/\/www.serawahotels.com\/hoteles-sostenibles\/wp-content\/uploads\/2024\/08\/Ruta-Moraira-Calpe-11.jpg 1200w\" sizes=\"(max-width: 800px) 100vw, 800px\" \/>\t\t\t\t\t\t\t\t\t\t\t\t\t\t\t<\/div>\n\t\t\t\t<\/div>\n\t\t\t\t<div class=\"elementor-element elementor-element-e9da5c1 elementor-widget elementor-widget-text-editor\" data-id=\"e9da5c1\" data-element_type=\"widget\" data-widget_type=\"text-editor.default\">\n\t\t\t\t<div class=\"elementor-widget-container\">\n\t\t\t\t\t\t\t\t\t<h2><span class=\"ez-toc-section\" id=\"Paseo_ecologico_por_la_Costa_desde_Calp_a_Moraira\"><\/span><span style=\"font-weight: 400;\">Paseo ecol\u00f3gico por la Costa desde Calp a Moraira<\/span><span class=\"ez-toc-section-end\"><\/span><\/h2>\n<p><span style=\"font-weight: 400;\">El Paseo Ecol\u00f3gico de Benissa es una ruta impresionante que conecta las costas de los municipios de Calpe, Benissa y Teulada-Moraira. Este recorrido peatonal permite a los senderistas disfrutar de la belleza natural de la costa alicantina, observando tanto las caracter\u00edsticas geol\u00f3gicas como bot\u00e1nicas de la regi\u00f3n. <\/span><b>La ruta puede iniciarse en la Bah\u00eda de Les Bassetes en Calpe o desde Moraira,<\/b><span style=\"font-weight: 400;\"> ofreciendo una experiencia \u00fanica a lo largo de todo el a\u00f1o gracias al clima benigno de la Costa Blanca.<\/span><\/p><div id=\"ez-toc-container\" class=\"ez-toc-v2_0_72 ez-toc-wrap-left-text counter-hierarchy ez-toc-counter ez-toc-grey ez-toc-container-direction\">\n<div class=\"ez-toc-title-container\">\n<p class=\"ez-toc-title\" style=\"cursor:inherit\">\u00cdndice<\/p>\n<span class=\"ez-toc-title-toggle\"><a href=\"#\" class=\"ez-toc-pull-right ez-toc-btn ez-toc-btn-xs ez-toc-btn-default ez-toc-toggle\" aria-label=\"Toggle Table of Content\"><span class=\"ez-toc-js-icon-con\"><span class=\"\"><span class=\"eztoc-hide\" style=\"display:none;\">Toggle<\/span><span class=\"ez-toc-icon-toggle-span\"><svg style=\"fill: #bcbcbc;color:#bcbcbc\" xmlns=\"http:\/\/www.w3.org\/2000\/svg\" class=\"list-377408\" width=\"20px\" height=\"20px\" viewBox=\"0 0 24 24\" fill=\"none\"><path d=\"M6 6H4v2h2V6zm14 0H8v2h12V6zM4 11h2v2H4v-2zm16 0H8v2h12v-2zM4 16h2v2H4v-2zm16 0H8v2h12v-2z\" fill=\"currentColor\"><\/path><\/svg><svg style=\"fill: #bcbcbc;color:#bcbcbc\" class=\"arrow-unsorted-368013\" xmlns=\"http:\/\/www.w3.org\/2000\/svg\" width=\"10px\" height=\"10px\" viewBox=\"0 0 24 24\" version=\"1.2\" baseProfile=\"tiny\"><path d=\"M18.2 9.3l-6.2-6.3-6.2 6.3c-.2.2-.3.4-.3.7s.1.5.3.7c.2.2.4.3.7.3h11c.3 0 .5-.1.7-.3.2-.2.3-.5.3-.7s-.1-.5-.3-.7zM5.8 14.7l6.2 6.3 6.2-6.3c.2-.2.3-.5.3-.7s-.1-.5-.3-.7c-.2-.2-.4-.3-.7-.3h-11c-.3 0-.5.1-.7.3-.2.2-.3.5-.3.7s.1.5.3.7z\"\/><\/svg><\/span><\/span><\/span><\/a><\/span><\/div>\n<nav><ul class='ez-toc-list ez-toc-list-level-1 ' ><li class='ez-toc-page-1 ez-toc-heading-level-1'><a class=\"ez-toc-link ez-toc-heading-1\" href=\"https:\/\/www.serawahotels.com\/hoteles-sostenibles\/naturaleza\/ruta-moraira-calpe\/#Ruta_Calpe-Moraira_Una_ruta_ecologica_de_las_mejores_calas_de_Calpe_hasta_el_Castillo_de_Moraira\" title=\"Ruta Calpe-Moraira: Una ruta ecol\u00f3gica de las mejores calas de Calpe hasta el Castillo de Moraira\">Ruta Calpe-Moraira: Una ruta ecol\u00f3gica de las mejores calas de Calpe hasta el Castillo de Moraira<\/a><ul class='ez-toc-list-level-2' ><li class='ez-toc-heading-level-2'><a class=\"ez-toc-link ez-toc-heading-2\" href=\"https:\/\/www.serawahotels.com\/hoteles-sostenibles\/naturaleza\/ruta-moraira-calpe\/#Paseo_ecologico_por_la_Costa_desde_Calp_a_Moraira\" title=\"Paseo ecol\u00f3gico por la Costa desde Calp a Moraira\">Paseo ecol\u00f3gico por la Costa desde Calp a Moraira<\/a><\/li><li class='ez-toc-page-1 ez-toc-heading-level-2'><a class=\"ez-toc-link ez-toc-heading-3\" href=\"https:\/\/www.serawahotels.com\/hoteles-sostenibles\/naturaleza\/ruta-moraira-calpe\/#Senderismo_por_las_mejores_playas_y_calas_de_Moraira_y_Calpe\" title=\"Senderismo por las mejores playas y calas de Moraira y Calpe\u00a0\">Senderismo por las mejores playas y calas de Moraira y Calpe\u00a0<\/a><\/li><li class='ez-toc-page-1 ez-toc-heading-level-2'><a class=\"ez-toc-link ez-toc-heading-4\" href=\"https:\/\/www.serawahotels.com\/hoteles-sostenibles\/naturaleza\/ruta-moraira-calpe\/#Ruta_de_Calpe_a_Moraira_%E2%80%93_De_la_Torre_del_Moli_de_Morello_al_Castell_por_las_calas_de_Calpe_Benissa_y_Moraira\" title=\"Ruta de Calpe a Moraira &#8211; De la Torre del Mol\u00ed de Morell\u00f3 al Castell por las calas de Calpe, Benissa y Moraira\">Ruta de Calpe a Moraira &#8211; De la Torre del Mol\u00ed de Morell\u00f3 al Castell por las calas de Calpe, Benissa y Moraira<\/a><ul class='ez-toc-list-level-3' ><li class='ez-toc-heading-level-3'><a class=\"ez-toc-link ez-toc-heading-5\" href=\"https:\/\/www.serawahotels.com\/hoteles-sostenibles\/naturaleza\/ruta-moraira-calpe\/#El_tiempo_en_Moraira\" title=\"El tiempo en Moraira\">El tiempo en Moraira<\/a><\/li><li class='ez-toc-page-1 ez-toc-heading-level-3'><a class=\"ez-toc-link ez-toc-heading-6\" href=\"https:\/\/www.serawahotels.com\/hoteles-sostenibles\/naturaleza\/ruta-moraira-calpe\/#Cala_Cap_Blanc\" title=\"Cala Cap Blanc\">Cala Cap Blanc<\/a><\/li><\/ul><\/li><li class='ez-toc-page-1 ez-toc-heading-level-2'><a class=\"ez-toc-link ez-toc-heading-7\" href=\"https:\/\/www.serawahotels.com\/hoteles-sostenibles\/naturaleza\/ruta-moraira-calpe\/#Ahora_si_el_itinerario_Desde_Cala_de_les_Bassetes_hasta_el_Castillo_de_Moraira\" title=\"Ahora s\u00ed, el itinerario: Desde Cala de les Bassetes hasta el Castillo de Moraira\u00a0\">Ahora s\u00ed, el itinerario: Desde Cala de les Bassetes hasta el Castillo de Moraira\u00a0<\/a><ul class='ez-toc-list-level-3' ><li class='ez-toc-heading-level-3'><a class=\"ez-toc-link ez-toc-heading-8\" href=\"https:\/\/www.serawahotels.com\/hoteles-sostenibles\/naturaleza\/ruta-moraira-calpe\/#Informacion_adicional\" title=\"Informaci\u00f3n adicional\">Informaci\u00f3n adicional<\/a><\/li><li class='ez-toc-page-1 ez-toc-heading-level-3'><a class=\"ez-toc-link ez-toc-heading-9\" href=\"https:\/\/www.serawahotels.com\/hoteles-sostenibles\/naturaleza\/ruta-moraira-calpe\/#Recomendaciones\" title=\"Recomendaciones\">Recomendaciones<\/a><\/li><\/ul><\/li><li class='ez-toc-page-1 ez-toc-heading-level-2'><a class=\"ez-toc-link ez-toc-heading-10\" href=\"https:\/\/www.serawahotels.com\/hoteles-sostenibles\/naturaleza\/ruta-moraira-calpe\/#Una_vez_en_Moraira%E2%80%A6_%C2%BFQue_ver_en_Moraira\" title=\"Una vez en Moraira\u2026 \u00bfQu\u00e9 ver en Moraira?\">Una vez en Moraira\u2026 \u00bfQu\u00e9 ver en Moraira?<\/a><ul class='ez-toc-list-level-3' ><li class='ez-toc-heading-level-3'><a class=\"ez-toc-link ez-toc-heading-11\" href=\"https:\/\/www.serawahotels.com\/hoteles-sostenibles\/naturaleza\/ruta-moraira-calpe\/#%C2%BFCuantas_playas_tiene_Moraira\" title=\"\u00bfCu\u00e1ntas playas tiene Moraira?\">\u00bfCu\u00e1ntas playas tiene Moraira?<\/a><\/li><li class='ez-toc-page-1 ez-toc-heading-level-3'><a class=\"ez-toc-link ez-toc-heading-12\" href=\"https:\/\/www.serawahotels.com\/hoteles-sostenibles\/naturaleza\/ruta-moraira-calpe\/#%C2%BFQue_no_te_puedes_perder_en_Moraira\" title=\"\u00bfQu\u00e9 no te puedes perder en Moraira?\">\u00bfQu\u00e9 no te puedes perder en Moraira?<\/a><\/li><\/ul><\/li><li class='ez-toc-page-1 ez-toc-heading-level-2'><a class=\"ez-toc-link ez-toc-heading-13\" href=\"https:\/\/www.serawahotels.com\/hoteles-sostenibles\/naturaleza\/ruta-moraira-calpe\/#Como_llegar_a_Calpe_o_Moraira-Teulada_desde_Alicante_y_Benidorm\" title=\"C\u00f3mo llegar a Calpe o Moraira-Teulada desde Alicante y Benidorm\">C\u00f3mo llegar a Calpe o Moraira-Teulada desde Alicante y Benidorm<\/a><ul class='ez-toc-list-level-3' ><li class='ez-toc-heading-level-3'><a class=\"ez-toc-link ez-toc-heading-14\" href=\"https:\/\/www.serawahotels.com\/hoteles-sostenibles\/naturaleza\/ruta-moraira-calpe\/#%C2%BFQue_distancia_hay_de_Benidorm_a_Moraira_Como_llegar_desde_Benidorm\" title=\"\u00bfQu\u00e9 distancia hay de Benidorm a Moraira? C\u00f3mo llegar desde Benidorm\">\u00bfQu\u00e9 distancia hay de Benidorm a Moraira? C\u00f3mo llegar desde Benidorm<\/a><\/li><li class='ez-toc-page-1 ez-toc-heading-level-3'><a class=\"ez-toc-link ez-toc-heading-15\" href=\"https:\/\/www.serawahotels.com\/hoteles-sostenibles\/naturaleza\/ruta-moraira-calpe\/#%C2%BFQue_distancia_hay_de_Alicante_a_Moraira_Como_llegar_desde_Alicante_a_Moraira\" title=\"\u00bfQu\u00e9 distancia hay de Alicante a Moraira? C\u00f3mo llegar desde Alicante a Moraira\">\u00bfQu\u00e9 distancia hay de Alicante a Moraira? C\u00f3mo llegar desde Alicante a Moraira<\/a><\/li><\/ul><\/li><li class='ez-toc-page-1 ez-toc-heading-level-2'><a class=\"ez-toc-link ez-toc-heading-16\" href=\"https:\/\/www.serawahotels.com\/hoteles-sostenibles\/naturaleza\/ruta-moraira-calpe\/#%C2%BFDonde_dormir_en_Moraira_Hoteles_en_Moraira\" title=\"\u00bfD\u00f3nde dormir en Moraira? Hoteles en Moraira\">\u00bfD\u00f3nde dormir en Moraira? Hoteles en Moraira<\/a><ul class='ez-toc-list-level-3' ><li class='ez-toc-heading-level-3'><a class=\"ez-toc-link ez-toc-heading-17\" href=\"https:\/\/www.serawahotels.com\/hoteles-sostenibles\/naturaleza\/ruta-moraira-calpe\/#serawahotels\" title=\"serawahotels\">serawahotels<\/a><\/li><\/ul><\/li><\/ul><\/li><\/ul><\/nav><\/div>\n\n<h2><span class=\"ez-toc-section\" id=\"Senderismo_por_las_mejores_playas_y_calas_de_Moraira_y_Calpe\"><\/span><span style=\"font-weight: 400;\">Senderismo por las mejores playas y calas de Moraira y Calpe\u00a0<\/span><span class=\"ez-toc-section-end\"><\/span><\/h2>\n<p><span style=\"font-weight: 400;\">El senderismo Calpe-Moraira es<\/span><b> ideal para familias, amigos y amantes de la naturaleza. <\/b><span style=\"font-weight: 400;\">Con vistas panor\u00e1micas del Mediterr\u00e1neo, este sendero te permite descubrir calas escondidas, acantilados impresionantes y una rica biodiversidad. A lo largo del recorrido, podr\u00e1s realizar actividades n\u00e1uticas, degustar la gastronom\u00eda mediterr\u00e1nea y descansar en calitas de agua cristalina.\u00a0<\/span><\/p>\n<h2><span class=\"ez-toc-section\" id=\"Ruta_de_Calpe_a_Moraira_%E2%80%93_De_la_Torre_del_Moli_de_Morello_al_Castell_por_las_calas_de_Calpe_Benissa_y_Moraira\"><\/span><span style=\"font-weight: 400;\">Ruta de Calpe a Moraira &#8211; De la Torre del Mol\u00ed de Morell\u00f3 al Castell por las calas de Calpe, Benissa y Moraira<\/span><span class=\"ez-toc-section-end\"><\/span><\/h2>\t\t\t\t\t\t\t\t<\/div>\n\t\t\t\t<\/div>\n\t\t\t\t<div class=\"elementor-element elementor-element-c43b5db elementor-widget elementor-widget-image\" data-id=\"c43b5db\" data-element_type=\"widget\" data-widget_type=\"image.default\">\n\t\t\t\t<div class=\"elementor-widget-container\">\n\t\t\t\t\t\t\t\t\t\t\t\t\t\t\t<img decoding=\"async\" width=\"800\" height=\"534\" src=\"https:\/\/www.serawahotels.com\/hoteles-sostenibles\/wp-content\/uploads\/2024\/08\/Ruta-Moraira-Calpe-4-1024x683.jpg\" class=\"attachment-large size-large wp-image-1214\" alt=\"Qu\u00e9 ver en Calpe y Moraira\" srcset=\"https:\/\/www.serawahotels.com\/hoteles-sostenibles\/wp-content\/uploads\/2024\/08\/Ruta-Moraira-Calpe-4-1024x683.jpg 1024w, https:\/\/www.serawahotels.com\/hoteles-sostenibles\/wp-content\/uploads\/2024\/08\/Ruta-Moraira-Calpe-4-300x200.jpg 300w, https:\/\/www.serawahotels.com\/hoteles-sostenibles\/wp-content\/uploads\/2024\/08\/Ruta-Moraira-Calpe-4-768x512.jpg 768w, https:\/\/www.serawahotels.com\/hoteles-sostenibles\/wp-content\/uploads\/2024\/08\/Ruta-Moraira-Calpe-4.jpg 1200w\" sizes=\"(max-width: 800px) 100vw, 800px\" \/>\t\t\t\t\t\t\t\t\t\t\t\t\t\t\t<\/div>\n\t\t\t\t<\/div>\n\t\t\t\t<div class=\"elementor-element elementor-element-a2de6a1 elementor-widget elementor-widget-text-editor\" data-id=\"a2de6a1\" data-element_type=\"widget\" data-widget_type=\"text-editor.default\">\n\t\t\t\t<div class=\"elementor-widget-container\">\n\t\t\t\t\t\t\t\t\t<p><span style=\"font-weight: 400;\">El itinerario de senderismo entre Calpe y Moraira ofrece una ruta llena de puntos de inter\u00e9s y paisajes espectaculares. Antes, durante y despu\u00e9s de tu ruta, podr\u00e1s disfrutar de cada rinc\u00f3n de la costa, desde las largas playas de arena fina de Calpe hasta las encantadoras calas de Moraira, pasando por Benissa y sus calas escondidas:<\/span><\/p>\n<ol>\n<li style=\"font-weight: 400;\" aria-level=\"1\"><span style=\"font-weight: 400;\">Plaza del Progr\u00e9s<\/span><\/li>\n<li style=\"font-weight: 400;\" aria-level=\"1\"><span style=\"font-weight: 400;\">Playa del Arenal-Bol<\/span><\/li>\n<li style=\"font-weight: 400;\" aria-level=\"1\"><span style=\"font-weight: 400;\">Conjunto Termal de la Muntanyeta y la Puntera<\/span><\/li>\n<li style=\"font-weight: 400;\" aria-level=\"1\"><span style=\"font-weight: 400;\">Torre del Mol\u00ed de Morell\u00f3<\/span><\/li>\n<li style=\"font-weight: 400;\" aria-level=\"1\"><span style=\"font-weight: 400;\">Yacimiento de los Ba\u00f1os de la Reina<\/span><\/li>\n<li style=\"font-weight: 400;\" aria-level=\"1\"><span style=\"font-weight: 400;\">Cala Morell\u00f3<\/span><\/li>\n<li style=\"font-weight: 400;\" aria-level=\"1\"><span style=\"font-weight: 400;\">Playa del Cantal Roig<\/span><\/li>\n<li style=\"font-weight: 400;\" aria-level=\"1\"><span style=\"font-weight: 400;\">Cala de la Fossa<\/span><\/li>\n<li style=\"font-weight: 400;\" aria-level=\"1\"><span style=\"font-weight: 400;\">Playa de la Fossa o de Levante<\/span><\/li>\n<li style=\"font-weight: 400;\" aria-level=\"1\"><span style=\"font-weight: 400;\">Paseo mar\u00edtimo por la Playa de la Fossa<\/span><\/li>\n<li style=\"font-weight: 400;\" aria-level=\"1\"><span style=\"font-weight: 400;\">Microrreserva de flora la Caleta<\/span><\/li>\n<li style=\"font-weight: 400;\" aria-level=\"1\"><span style=\"font-weight: 400;\">Cala de Calalga<\/span><\/li>\n<li style=\"font-weight: 400;\" aria-level=\"1\"><span style=\"font-weight: 400;\">Sendero ecol\u00f3gico Calpe\/Benissa<\/span><\/li>\n<li style=\"font-weight: 400;\" aria-level=\"1\"><span style=\"font-weight: 400;\">Playa del Mallorqu\u00ed<\/span><\/li>\n<li style=\"font-weight: 400;\" aria-level=\"1\"><span style=\"font-weight: 400;\">Cala de les Bassetes<\/span><\/li>\n<li style=\"font-weight: 400;\" aria-level=\"1\"><span style=\"font-weight: 400;\">Puerto de les Bassetes<\/span><\/li>\n<li style=\"font-weight: 400;\" aria-level=\"1\"><span style=\"font-weight: 400;\">Paseo ecol\u00f3gico por Benissa<\/span><\/li>\n<li style=\"font-weight: 400;\" aria-level=\"1\"><span style=\"font-weight: 400;\">Cala de la Fustera<\/span><\/li>\n<li style=\"font-weight: 400;\" aria-level=\"1\"><span style=\"font-weight: 400;\">Cala dels Pinets<\/span><\/li>\n<li style=\"font-weight: 400;\" aria-level=\"1\"><span style=\"font-weight: 400;\">Mar Morta i Roques Negres<\/span><\/li>\n<li style=\"font-weight: 400;\" aria-level=\"1\"><span style=\"font-weight: 400;\">Cala de la Llobella<\/span><\/li>\n<li style=\"font-weight: 400;\" aria-level=\"1\"><span style=\"font-weight: 400;\">Cala de l&#8217;Advocat<\/span><\/li>\n<li style=\"font-weight: 400;\" aria-level=\"1\"><span style=\"font-weight: 400;\">Cala de Baladrar<\/span><\/li>\n<li style=\"font-weight: 400;\" aria-level=\"1\"><span style=\"font-weight: 400;\">Cap Blanc<\/span><\/li>\n<li style=\"font-weight: 400;\" aria-level=\"1\"><span style=\"font-weight: 400;\">Cala l&#8217;Andrag\u00f3<\/span><\/li>\n<li style=\"font-weight: 400;\" aria-level=\"1\"><span style=\"font-weight: 400;\">Playa de les Platgetes<\/span><\/li>\n<li style=\"font-weight: 400;\" aria-level=\"1\"><span style=\"font-weight: 400;\">Playa de l&#8217;Ampolla<\/span><\/li>\n<li style=\"font-weight: 400;\" aria-level=\"1\"><span style=\"font-weight: 400;\">Castillo de Moraira<\/span><\/li>\n<\/ol>\n<p>\u00a0<\/p>\n<h3><span class=\"ez-toc-section\" id=\"El_tiempo_en_Moraira\"><\/span><span style=\"font-weight: 400;\">El tiempo en Moraira<\/span><span class=\"ez-toc-section-end\"><\/span><\/h3>\n<p><b>Antes de planificar tu ruta de senderismo, es esencial consultar el tiempo en Moraira.<\/b><span style=\"font-weight: 400;\"> La regi\u00f3n disfruta de un<\/span><b> clima mediterr\u00e1neo con inviernos suaves y veranos c\u00e1lidos<\/b><span style=\"font-weight: 400;\">, lo que permite disfrutar de esta actividad durante todo el a\u00f1o. Aseg\u00farate de verificar las condiciones meteorol\u00f3gicas para garantizar una experiencia agradable.<\/span><\/p>\n<h3><span class=\"ez-toc-section\" id=\"Cala_Cap_Blanc\"><\/span><span style=\"font-weight: 400;\">Cala Cap Blanc<\/span><span class=\"ez-toc-section-end\"><\/span><\/h3>\n<p><b>Uno de los puntos m\u00e1s destacados de esta ruta es la Cala Cap Blanc. <\/b><span style=\"font-weight: 400;\">Esta cala es conocida por su belleza natural y aguas cristalinas, ideales para el snorkel y la nataci\u00f3n. Adem\u00e1s, es un lugar perfecto para hacer una pausa y disfrutar de un picnic rodeado de naturaleza.<\/span><\/p>\t\t\t\t\t\t\t\t<\/div>\n\t\t\t\t<\/div>\n\t\t\t\t<div class=\"elementor-element elementor-element-3975d2f elementor-widget elementor-widget-image\" data-id=\"3975d2f\" data-element_type=\"widget\" data-widget_type=\"image.default\">\n\t\t\t\t<div class=\"elementor-widget-container\">\n\t\t\t\t\t\t\t\t\t\t\t\t\t\t\t<img decoding=\"async\" width=\"800\" height=\"534\" src=\"https:\/\/www.serawahotels.com\/hoteles-sostenibles\/wp-content\/uploads\/2024\/08\/Ruta-Moraira-Calpe-7-1024x683.jpg\" class=\"attachment-large size-large wp-image-1216\" alt=\"Cala Cap Blanc Calpe\" srcset=\"https:\/\/www.serawahotels.com\/hoteles-sostenibles\/wp-content\/uploads\/2024\/08\/Ruta-Moraira-Calpe-7-1024x683.jpg 1024w, https:\/\/www.serawahotels.com\/hoteles-sostenibles\/wp-content\/uploads\/2024\/08\/Ruta-Moraira-Calpe-7-300x200.jpg 300w, https:\/\/www.serawahotels.com\/hoteles-sostenibles\/wp-content\/uploads\/2024\/08\/Ruta-Moraira-Calpe-7-768x512.jpg 768w, https:\/\/www.serawahotels.com\/hoteles-sostenibles\/wp-content\/uploads\/2024\/08\/Ruta-Moraira-Calpe-7.jpg 1200w\" sizes=\"(max-width: 800px) 100vw, 800px\" \/>\t\t\t\t\t\t\t\t\t\t\t\t\t\t\t<\/div>\n\t\t\t\t<\/div>\n\t\t\t\t<div class=\"elementor-element elementor-element-e98eac4 elementor-widget elementor-widget-text-editor\" data-id=\"e98eac4\" data-element_type=\"widget\" data-widget_type=\"text-editor.default\">\n\t\t\t\t<div class=\"elementor-widget-container\">\n\t\t\t\t\t\t\t\t\t<h2><span class=\"ez-toc-section\" id=\"Ahora_si_el_itinerario_Desde_Cala_de_les_Bassetes_hasta_el_Castillo_de_Moraira\"><\/span><span style=\"font-weight: 400;\">Ahora s\u00ed, el itinerario: Desde Cala de les Bassetes hasta el Castillo de Moraira\u00a0<\/span><span class=\"ez-toc-section-end\"><\/span><\/h2><ol><li style=\"font-weight: 400;\" aria-level=\"1\"><b>Cala de les Bassetes<\/b><span style=\"font-weight: 400;\">: Comienza tu ruta en esta cala encantadora, conocida por su belleza natural y su puerto deportivo. Aqu\u00ed podr\u00e1s disfrutar del ambiente costero y observar la flora marina.<\/span><\/li><li style=\"font-weight: 400;\" aria-level=\"1\"><b>Playa del Mallorqu\u00ed<\/b><span style=\"font-weight: 400;\">: Avanza hacia esta playa tranquila, ideal para disfrutar de la arena y las aguas cristalinas.<\/span><\/li><li style=\"font-weight: 400;\" aria-level=\"1\"><b>Sendero Ecol\u00f3gico de Benissa<\/b><span style=\"font-weight: 400;\">: Sigue el sendero que te llevar\u00e1 a lo largo de la costa, pasando por diversas calas y puntos de inter\u00e9s natural.<\/span><\/li><li style=\"font-weight: 400;\" aria-level=\"1\"><b>Cala de la Fustera<\/b><span style=\"font-weight: 400;\">: Detente en esta cala con encanto, equipada con servicios como chiringuito y parque infantil.<\/span><\/li><li style=\"font-weight: 400;\" aria-level=\"1\"><b>Cala dels Pinets<\/b><span style=\"font-weight: 400;\">: Explora esta peque\u00f1a cala de car\u00e1cter salvaje, ideal para los amantes de la naturaleza.<\/span><\/li><li style=\"font-weight: 400;\" aria-level=\"1\"><b>Mar Morta i Roques Negres<\/b><span style=\"font-weight: 400;\">: Contin\u00faa hacia esta zona de gran inter\u00e9s geol\u00f3gico y paisaj\u00edstico, conocida por sus formaciones rocosas \u00fanicas.<\/span><\/li><li style=\"font-weight: 400;\" aria-level=\"1\"><b>Cala de la Llobella<\/b><span style=\"font-weight: 400;\">: Disfruta de la tranquilidad de esta cala de cantos rodados, perfecta para nadar y bucear.<\/span><\/li><li style=\"font-weight: 400;\" aria-level=\"1\"><b>Cala de l&#8217;Advocat<\/b><span style=\"font-weight: 400;\">: Rel\u00e1jate en esta playa de arena fina y aguas protegidas por un espig\u00f3n.<\/span><\/li><li style=\"font-weight: 400;\" aria-level=\"1\"><b>Cala de Baladrar<\/b><span style=\"font-weight: 400;\">: Continua hasta esta cala de cantos rodados, con abundante vegetaci\u00f3n en sus alrededores.<\/span><\/li><li style=\"font-weight: 400;\" aria-level=\"1\"><b>Cap Blanc<\/b><span style=\"font-weight: 400;\">: Disfruta de las vistas panor\u00e1micas desde este espectacular punto.<\/span><\/li><li style=\"font-weight: 400;\" aria-level=\"1\"><b>Carretera de Moraira a Calpe\/CV 746<\/b><span style=\"font-weight: 400;\">: Sigue esta carretera para conectar con el \u00faltimo tramo de tu recorrido.<\/span><\/li><li style=\"font-weight: 400;\" aria-level=\"1\"><b>Castillo de Moraira<\/b><span style=\"font-weight: 400;\">: Finaliza tu ruta en este emblem\u00e1tico castillo, donde podr\u00e1s disfrutar de vistas impresionantes y explorar el \u00e1rea circundante.<\/span><\/li><\/ol><p>\u00a0<\/p>\t\t\t\t\t\t\t\t<\/div>\n\t\t\t\t<\/div>\n\t\t\t\t<div class=\"elementor-element elementor-element-c33b382 elementor-widget elementor-widget-image\" data-id=\"c33b382\" data-element_type=\"widget\" data-widget_type=\"image.default\">\n\t\t\t\t<div class=\"elementor-widget-container\">\n\t\t\t\t\t\t\t\t\t\t\t\t\t\t\t<img loading=\"lazy\" decoding=\"async\" width=\"800\" height=\"534\" src=\"https:\/\/www.serawahotels.com\/hoteles-sostenibles\/wp-content\/uploads\/2024\/08\/Ruta-Moraira-Calpe-9-1024x683.jpg\" class=\"attachment-large size-large wp-image-1224\" alt=\"itinerario: Desde Cala de les Bassetes hasta el Castillo de Moraira\" srcset=\"https:\/\/www.serawahotels.com\/hoteles-sostenibles\/wp-content\/uploads\/2024\/08\/Ruta-Moraira-Calpe-9-1024x683.jpg 1024w, https:\/\/www.serawahotels.com\/hoteles-sostenibles\/wp-content\/uploads\/2024\/08\/Ruta-Moraira-Calpe-9-300x200.jpg 300w, https:\/\/www.serawahotels.com\/hoteles-sostenibles\/wp-content\/uploads\/2024\/08\/Ruta-Moraira-Calpe-9-768x512.jpg 768w, https:\/\/www.serawahotels.com\/hoteles-sostenibles\/wp-content\/uploads\/2024\/08\/Ruta-Moraira-Calpe-9.jpg 1200w\" sizes=\"(max-width: 800px) 100vw, 800px\" \/>\t\t\t\t\t\t\t\t\t\t\t\t\t\t\t<\/div>\n\t\t\t\t<\/div>\n\t\t\t\t<div class=\"elementor-element elementor-element-2b72b0d elementor-widget elementor-widget-text-editor\" data-id=\"2b72b0d\" data-element_type=\"widget\" data-widget_type=\"text-editor.default\">\n\t\t\t\t<div class=\"elementor-widget-container\">\n\t\t\t\t\t\t\t\t\t<p><b>Si decides regresar a Cala de les Bassetes<\/b><span style=\"font-weight: 400;\">, el trayecto de vuelta es de 8,2 km, igual que la ida. Aseg\u00farate de llevar suficiente agua y disfrutar del paisaje a lo largo del camino.<\/span><\/p><h3><span class=\"ez-toc-section\" id=\"Informacion_adicional\"><\/span><span style=\"font-weight: 400;\">Informaci\u00f3n adicional<\/span><span class=\"ez-toc-section-end\"><\/span><\/h3><ul><li style=\"font-weight: 400;\" aria-level=\"1\"><b>Distancia Total<\/b><span style=\"font-weight: 400;\">: 16,4 km (8,2 km ida + 8,2 km vuelta)<\/span><\/li><li style=\"font-weight: 400;\" aria-level=\"1\"><b>Duraci\u00f3n Aproximada<\/b><span style=\"font-weight: 400;\">: 3 a 4 horas (dependiendo del ritmo y las paradas)<\/span><\/li><li style=\"font-weight: 400;\" aria-level=\"1\"><b>Grado de Dificultad<\/b><span style=\"font-weight: 400;\">: Moderado<\/span><\/li><\/ul><h3><span class=\"ez-toc-section\" id=\"Recomendaciones\"><\/span><span style=\"font-weight: 400;\">Recomendaciones<\/span><span class=\"ez-toc-section-end\"><\/span><\/h3><ul><li style=\"font-weight: 400;\" aria-level=\"1\"><b>Llevar agua y comida<\/b><span style=\"font-weight: 400;\">: Aunque hay servicios en varias de las calas, es recomendable llevar suficiente agua y algo de comida.<\/span><\/li><li style=\"font-weight: 400;\" aria-level=\"1\"><b>Calzado adecuado<\/b><span style=\"font-weight: 400;\">: Usa calzado c\u00f3modo y resistente, ideal para caminar sobre terrenos variados.<\/span><\/li><li style=\"font-weight: 400;\" aria-level=\"1\"><b>Protecci\u00f3n solar<\/b><span style=\"font-weight: 400;\">: Lleva protecci\u00f3n solar, gorra y gafas de sol.<\/span><\/li><li style=\"font-weight: 400;\" aria-level=\"1\"><b>Respetar el entorno<\/b><span style=\"font-weight: 400;\">: Respeta la flora y fauna local, y sigue las normas del sendero.<\/span><\/li><\/ul><p><b>\u00daltimo consejo:<\/b><span style=\"font-weight: 400;\"> Disfruta de esta maravillosa ruta ecol\u00f3gica y la belleza natural de la Costa Blanca.<\/span><b> \u00a1Buen senderismo!\u00a0<\/b><\/p><p><span style=\"font-weight: 400;\">Para obtener m\u00e1s detalles sobre el Paseo Ecol\u00f3gico y otras rutas, puedes visitar la <\/span><a href=\"https:\/\/www.benissa.net\/ver\/43\/paseo-ecologico-%91%80%8D%91%A9%80%8D%91.html\" target=\"_blank\" rel=\"noopener\"><span style=\"font-weight: 400;\">p\u00e1gina oficial de Benissa<\/span><\/a><span style=\"font-weight: 400;\">.\u00a0<\/span><\/p>\t\t\t\t\t\t\t\t<\/div>\n\t\t\t\t<\/div>\n\t\t\t\t<div class=\"elementor-element elementor-element-4769f57 elementor-widget elementor-widget-image\" data-id=\"4769f57\" data-element_type=\"widget\" data-widget_type=\"image.default\">\n\t\t\t\t<div class=\"elementor-widget-container\">\n\t\t\t\t\t\t\t\t\t\t\t\t\t\t\t<img loading=\"lazy\" decoding=\"async\" width=\"800\" height=\"534\" src=\"https:\/\/www.serawahotels.com\/hoteles-sostenibles\/wp-content\/uploads\/2024\/08\/Ruta-Moraira-Calpe-3-1024x683.jpg\" class=\"attachment-large size-large wp-image-1217\" alt=\"Ruta de calas. Itinerario: Desde Cala de les Bassetes hasta el Castillo de Moraira\" srcset=\"https:\/\/www.serawahotels.com\/hoteles-sostenibles\/wp-content\/uploads\/2024\/08\/Ruta-Moraira-Calpe-3-1024x683.jpg 1024w, https:\/\/www.serawahotels.com\/hoteles-sostenibles\/wp-content\/uploads\/2024\/08\/Ruta-Moraira-Calpe-3-300x200.jpg 300w, https:\/\/www.serawahotels.com\/hoteles-sostenibles\/wp-content\/uploads\/2024\/08\/Ruta-Moraira-Calpe-3-768x512.jpg 768w, https:\/\/www.serawahotels.com\/hoteles-sostenibles\/wp-content\/uploads\/2024\/08\/Ruta-Moraira-Calpe-3.jpg 1200w\" sizes=\"(max-width: 800px) 100vw, 800px\" \/>\t\t\t\t\t\t\t\t\t\t\t\t\t\t\t<\/div>\n\t\t\t\t<\/div>\n\t\t\t\t<div class=\"elementor-element elementor-element-f9ccfaf elementor-widget elementor-widget-text-editor\" data-id=\"f9ccfaf\" data-element_type=\"widget\" data-widget_type=\"text-editor.default\">\n\t\t\t\t<div class=\"elementor-widget-container\">\n\t\t\t\t\t\t\t\t\t<h2><span class=\"ez-toc-section\" id=\"Una_vez_en_Moraira%E2%80%A6_%C2%BFQue_ver_en_Moraira\"><\/span><span style=\"font-weight: 400;\">Una vez en Moraira\u2026 \u00bfQu\u00e9 ver en Moraira?<\/span><span class=\"ez-toc-section-end\"><\/span><\/h2>\n<h3><span class=\"ez-toc-section\" id=\"%C2%BFCuantas_playas_tiene_Moraira\"><\/span><span style=\"font-weight: 400;\">\u00bfCu\u00e1ntas playas tiene Moraira?<\/span><span class=\"ez-toc-section-end\"><\/span><\/h3>\n<p><span style=\"font-weight: 400;\">Moraira cuenta con <\/span><b>10 playas<\/b><span style=\"font-weight: 400;\"> y calas, cada una con su propio encanto. Entre las m\u00e1s destacadas se encuentran:<\/span><\/p>\n<ol>\n<li style=\"font-weight: 400;\" aria-level=\"1\"><b>Playa de l&#8217;Ampolla<\/b><span style=\"font-weight: 400;\">: Con una buena variedad de servicios y una amplia playa de arena fina.<\/span><\/li>\n<li style=\"font-weight: 400;\" aria-level=\"1\"><b>Playa del Portet<\/b><span style=\"font-weight: 400;\">: Con aguas tranquilas y una bah\u00eda protegida, ideal para familias.<\/span><\/li>\n<li style=\"font-weight: 400;\" aria-level=\"1\"><b>Playa de la Cala<\/b><span style=\"font-weight: 400;\">: Conocida por su belleza y ambiente relajado.<\/span><\/li>\n<li style=\"font-weight: 400;\" aria-level=\"1\"><b>Cala de l&#8217;Advocat<\/b><span style=\"font-weight: 400;\">: Famosa por sus aguas cristalinas y su entorno pintoresco.<\/span><\/li>\n<\/ol>\n<p><span style=\"font-weight: 400;\">Cada una ofrece una experiencia diferente, desde playas con todos los servicios hasta calas m\u00e1s tranquilas y naturales.<\/span><\/p>\n<h3><span class=\"ez-toc-section\" id=\"%C2%BFQue_no_te_puedes_perder_en_Moraira\"><\/span><span style=\"font-weight: 400;\">\u00bfQu\u00e9 no te puedes perder en Moraira?<\/span><span class=\"ez-toc-section-end\"><\/span><\/h3>\n<p><span style=\"font-weight: 400;\">En Moraira, hay varios lugares y actividades que no te puedes perder:<\/span><\/p>\n<ol>\n<li style=\"font-weight: 400;\" aria-level=\"1\"><b>Castillo de Moraira<\/b><span style=\"font-weight: 400;\">: Este hist\u00f3rico castillo ofrece impresionantes vistas del Mediterr\u00e1neo y es un lugar clave para conocer la historia local.<\/span><\/li>\n<li style=\"font-weight: 400;\" aria-level=\"1\"><b>Cala de l&#8217;Advocat<\/b><span style=\"font-weight: 400;\">: Una de las calas m\u00e1s populares, conocida por sus aguas cristalinas y su ambiente tranquilo.<\/span><\/li>\n<li style=\"font-weight: 400;\" aria-level=\"1\"><b>Puerto Deportivo de Moraira<\/b><span style=\"font-weight: 400;\">: Un lugar ideal para pasear, disfrutar de los restaurantes frente al mar y observar los yates.<\/span><\/li>\n<li style=\"font-weight: 400;\" aria-level=\"1\"><b>Mercado de Moraira<\/b><span style=\"font-weight: 400;\">: Cada viernes, el mercado ofrece productos frescos y locales, ideal para conocer la gastronom\u00eda y cultura de la regi\u00f3n.<\/span><\/li>\n<li style=\"font-weight: 400;\" aria-level=\"1\"><b>Parque Natural del Pe\u00f1agolosa<\/b><span style=\"font-weight: 400;\">: Un destino cercano para los amantes de la naturaleza y el senderismo.<\/span><\/li>\n<\/ol>\n<p>\u00a0<\/p>\n<h2><span class=\"ez-toc-section\" id=\"Como_llegar_a_Calpe_o_Moraira-Teulada_desde_Alicante_y_Benidorm\"><\/span><span style=\"font-weight: 400;\">C\u00f3mo llegar a Calpe o Moraira-Teulada desde Alicante y Benidorm<\/span><span class=\"ez-toc-section-end\"><\/span><\/h2>\n<h3><span class=\"ez-toc-section\" id=\"%C2%BFQue_distancia_hay_de_Benidorm_a_Moraira_Como_llegar_desde_Benidorm\"><\/span><span style=\"font-weight: 400;\">\u00bfQu\u00e9 distancia hay de Benidorm a Moraira? C\u00f3mo llegar desde Benidorm<\/span><span class=\"ez-toc-section-end\"><\/span><\/h3>\n<p><span style=\"font-weight: 400;\">La distancia entre Benidorm y Moraira es de aproximadamente <\/span><b>40 kil\u00f3metros<\/b><span style=\"font-weight: 400;\"> por carretera. El viaje en coche suele durar alrededor de <\/span><b>45 minutos<\/b><span style=\"font-weight: 400;\">, dependiendo del tr\u00e1fico y las condiciones de la carretera. La ruta m\u00e1s directa es por la <\/span><b>CV-753<\/b><span style=\"font-weight: 400;\"> y luego por la <\/span><b>CV-740<\/b><span style=\"font-weight: 400;\">, que ofrece unas vistas panor\u00e1micas de la Costa Blanca.<\/span><\/p>\n<p><span style=\"font-weight: 400;\">Para llegar a Moraira desde Benidorm, tienes varias opciones:<\/span><\/p>\n<p><span style=\"text-decoration: underline;\"><b>En coche<\/b><\/span><\/p>\n<ul>\n<li style=\"font-weight: 400;\" aria-level=\"1\"><b>Ruta m\u00e1s directa<\/b><span style=\"font-weight: 400;\">:<\/span><\/li>\n<\/ul>\n<p><b>Sal de Benidorm<\/b><span style=\"font-weight: 400;\"> y toma la carretera <\/span><b>CV-70<\/b><span style=\"font-weight: 400;\"> en direcci\u00f3n a <\/span><b>Calpe<\/b><span style=\"font-weight: 400;\">.<\/span><\/p>\n<p><span style=\"font-weight: 400;\">En <\/span><b>Calpe<\/b><span style=\"font-weight: 400;\">, sigue las se\u00f1ales para la <\/span><b>CV-746<\/b><span style=\"font-weight: 400;\"> en direcci\u00f3n a <\/span><b>Moraira<\/b><span style=\"font-weight: 400;\">. Esta carretera te llevar\u00e1 directamente a Moraira.<\/span><\/p>\n<p><b>Duraci\u00f3n estimada<\/b><span style=\"font-weight: 400;\">: Aproximadamente <\/span><b>40 minutos<\/b><span style=\"font-weight: 400;\"> a <\/span><b>1 hora<\/b><span style=\"font-weight: 400;\">, dependiendo del tr\u00e1fico.<\/span><\/p>\n<ul>\n<li style=\"font-weight: 400;\" aria-level=\"1\"><b>Ruta alternativa<\/b><span style=\"font-weight: 400;\">:<\/span><\/li>\n<\/ul>\n<p><b>Sal de Benidorm<\/b><span style=\"font-weight: 400;\"> por la <\/span><b>N-332<\/b><span style=\"font-weight: 400;\"> en direcci\u00f3n sur, hacia <\/span><b>Denia<\/b><span style=\"font-weight: 400;\">.<\/span><\/p>\n<p><span style=\"font-weight: 400;\">Gira hacia la <\/span><b>CV-740<\/b><span style=\"font-weight: 400;\"> en direcci\u00f3n a <\/span><b>Moraira<\/b><span style=\"font-weight: 400;\">. Esta ruta ofrece vistas panor\u00e1micas a lo largo del trayecto.<\/span><\/p>\n<p><b>Duraci\u00f3n estimada<\/b><span style=\"font-weight: 400;\">: Alrededor de <\/span><b>1 hora<\/b><span style=\"font-weight: 400;\">, dependiendo del tr\u00e1fico.<\/span><\/p>\n<p><span style=\"text-decoration: underline;\"><b>En autob\u00fas<\/b><\/span><\/p>\n<p><b>Servicio de autobuses<\/b><span style=\"font-weight: 400;\">: No hay autobuses directos desde Benidorm a Moraira. Sin embargo, puedes tomar un autob\u00fas desde Benidorm a <\/span><b>Teulada<\/b><span style=\"font-weight: 400;\"> y luego tomar un taxi o autob\u00fas local hasta Moraira.<\/span><\/p>\n<p><b>Duraci\u00f3n estimada<\/b><span style=\"font-weight: 400;\">: El tiempo total puede variar entre <\/span><b>1 hora y 30 minutos<\/b><span style=\"font-weight: 400;\"> y <\/span><b>2 horas<\/b><span style=\"font-weight: 400;\">, dependiendo de las conexiones y tiempos de espera.<\/span><\/p>\n<p><span style=\"text-decoration: underline;\"><b>En taxi o servicio de transporte privado<\/b><\/span><\/p>\n<p><span style=\"font-weight: 400;\">Puedes contratar un taxi o un servicio de transporte privado que te lleve directamente de Benidorm a Moraira.<\/span><\/p>\n<p><b>Duraci\u00f3n estimada<\/b><span style=\"font-weight: 400;\">: Aproximadamente <\/span><b>40 minutos<\/b><span style=\"font-weight: 400;\"> a <\/span><b>1 hora<\/b><span style=\"font-weight: 400;\">.<\/span><\/p>\n<p><b>Nota<\/b><span style=\"font-weight: 400;\">: Esta opci\u00f3n es m\u00e1s cara pero ofrece comodidad y flexibilidad.<\/span><\/p>\n<p><span style=\"text-decoration: underline;\"><b>En bicicleta<\/b><\/span><\/p>\n<p><span style=\"font-weight: 400;\">Si eres un entusiasta del ciclismo, puedes optar por un recorrido en bicicleta.<\/span><\/p>\n<p><b>Ruta recomendada<\/b><span style=\"font-weight: 400;\">: Sigue la <\/span><b>CV-70<\/b><span style=\"font-weight: 400;\"> desde Benidorm a <\/span><b>Calpe<\/b><span style=\"font-weight: 400;\"> y luego contin\u00faa por la <\/span><b>CV-746<\/b><span style=\"font-weight: 400;\"> hacia Moraira.<\/span><\/p>\n<p><b>Duraci\u00f3n estimada<\/b><span style=\"font-weight: 400;\">: Dependiendo de tu ritmo y condici\u00f3n f\u00edsica, podr\u00eda llevar entre <\/span><b>2 a 3 horas<\/b><span style=\"font-weight: 400;\">.<\/span><\/p>\n<p>\u00a0<\/p>\n<h3><span class=\"ez-toc-section\" id=\"%C2%BFQue_distancia_hay_de_Alicante_a_Moraira_Como_llegar_desde_Alicante_a_Moraira\"><\/span><span style=\"font-weight: 400;\">\u00bfQu\u00e9 distancia hay de Alicante a Moraira? C\u00f3mo llegar desde Alicante a Moraira<\/span><span class=\"ez-toc-section-end\"><\/span><\/h3>\n<p><span style=\"font-weight: 400;\">La distancia entre Alicante y Moraira es de aproximadamente <\/span><b>90 kil\u00f3metros<\/b><span style=\"font-weight: 400;\"> por carretera. Este trayecto suele tomar alrededor de <\/span><b>1 hora y 15 minutos<\/b><span style=\"font-weight: 400;\"> en coche, dependiendo del tr\u00e1fico y las condiciones de la carretera.<\/span><\/p>\n<p><span style=\"font-weight: 400;\">Para llegar a Moraira desde Alicante, puedes:<\/span><\/p>\n<p><span style=\"text-decoration: underline;\"><b>En coche<\/b><span style=\"font-weight: 400;\">:<\/span><\/span><\/p>\n<ul>\n<li><b>Ruta m\u00e1s directa<\/b><span style=\"font-weight: 400;\">: Sal de Alicante tomando la <\/span><b>A-70<\/b><span style=\"font-weight: 400;\"> en direcci\u00f3n a la <\/span><b>AP-7<\/b><span style=\"font-weight: 400;\">. Luego, sigue por la <\/span><b>AP-7<\/b><span style=\"font-weight: 400;\"> hasta la salida <\/span><b>63<\/b><span style=\"font-weight: 400;\"> hacia <\/span><b>Benissa\/Calpe<\/b><span style=\"font-weight: 400;\">. Desde all\u00ed, toma la <\/span><b>CV-740<\/b><span style=\"font-weight: 400;\"> en direcci\u00f3n a <\/span><b>Moraira<\/b><span style=\"font-weight: 400;\">.<\/span><\/li>\n<li><b>Ruta alternativa<\/b><span>: Puedes tomar la <\/span><b>N-332<\/b><span> en direcci\u00f3n a <\/span><b>Denia<\/b><span> y luego conectar con la <\/span><b>CV-743<\/b><span> que te llevar\u00e1 directamente a <\/span><b>Moraira<\/b><span>. Esta ruta tambi\u00e9n ofrece hermosos paisajes a lo largo del camino.<\/span><\/li>\n<\/ul>\n<p><span style=\"text-decoration: underline;\"><b>En autob\u00fas<\/b><span style=\"font-weight: 400;\">:<\/span><\/span><\/p>\n<p><span style=\"font-weight: 400;\">Existen servicios de autobuses que conectan Alicante con Moraira, aunque pueden requerir cambios y tener una duraci\u00f3n m\u00e1s larga. Es recomendable consultar los horarios y la disponibilidad con antelaci\u00f3n.<\/span><\/p>\n<p><span style=\"text-decoration: underline;\"><b>En tren:<\/b><\/span><\/p>\n<p><span style=\"font-weight: 400;\">Si prefieres viajar en tren, puedes tomar un tren desde Alicante hasta <\/span><b>Benidorm<\/b><span style=\"font-weight: 400;\"> o <\/span><b>Teulada<\/b><span style=\"font-weight: 400;\"> (la estaci\u00f3n m\u00e1s cercana a Moraira). Desde all\u00ed, necesitar\u00e1s tomar un autob\u00fas o un taxi para llegar a Moraira.<\/span><\/p>\n<p><span style=\"text-decoration: underline;\"><b>En taxi o servicio de transporte privado<\/b><span style=\"font-weight: 400;\">:<\/span><\/span><\/p>\n<p><span style=\"font-weight: 400;\">Para mayor comodidad, puedes contratar un taxi o un servicio de transporte privado desde Alicante a Moraira. Esta opci\u00f3n es m\u00e1s cara pero ofrece una mayor comodidad y flexibilidad.<\/span><\/p>\n<p>\u00a0<\/p>\n<h2><span class=\"ez-toc-section\" id=\"%C2%BFDonde_dormir_en_Moraira_Hoteles_en_Moraira\"><\/span><span style=\"font-weight: 400;\">\u00bfD\u00f3nde dormir en Moraira? Hoteles en Moraira<\/span><span class=\"ez-toc-section-end\"><\/span><\/h2>\t\t\t\t\t\t\t\t<\/div>\n\t\t\t\t<\/div>\n\t\t\t\t<div class=\"elementor-element elementor-element-b8d2c27 elementor-widget elementor-widget-image\" data-id=\"b8d2c27\" data-element_type=\"widget\" data-widget_type=\"image.default\">\n\t\t\t\t<div class=\"elementor-widget-container\">\n\t\t\t\t\t\t\t\t\t\t\t\t\t\t\t\t<a href=\"https:\/\/www.serawahotels.com\/\">\n\t\t\t\t\t\t\t<img loading=\"lazy\" decoding=\"async\" width=\"800\" height=\"534\" src=\"https:\/\/www.serawahotels.com\/hoteles-sostenibles\/wp-content\/uploads\/2024\/08\/Ruta-Moraira-Calpe-12-1024x683.jpg\" class=\"attachment-large size-large wp-image-1218\" alt=\"D\u00f3nde dormir en Moraira. Hoteles en Moraira\" srcset=\"https:\/\/www.serawahotels.com\/hoteles-sostenibles\/wp-content\/uploads\/2024\/08\/Ruta-Moraira-Calpe-12-1024x683.jpg 1024w, https:\/\/www.serawahotels.com\/hoteles-sostenibles\/wp-content\/uploads\/2024\/08\/Ruta-Moraira-Calpe-12-300x200.jpg 300w, https:\/\/www.serawahotels.com\/hoteles-sostenibles\/wp-content\/uploads\/2024\/08\/Ruta-Moraira-Calpe-12-768x512.jpg 768w, https:\/\/www.serawahotels.com\/hoteles-sostenibles\/wp-content\/uploads\/2024\/08\/Ruta-Moraira-Calpe-12.jpg 1200w\" sizes=\"(max-width: 800px) 100vw, 800px\" \/>\t\t\t\t\t\t\t\t<\/a>\n\t\t\t\t\t\t\t\t\t\t\t\t\t\t\t<\/div>\n\t\t\t\t<\/div>\n\t\t\t\t<div class=\"elementor-element elementor-element-d2ced31 elementor-widget elementor-widget-text-editor\" data-id=\"d2ced31\" data-element_type=\"widget\" data-widget_type=\"text-editor.default\">\n\t\t\t\t<div class=\"elementor-widget-container\">\n\t\t\t\t\t\t\t\t\t<p><span style=\"font-weight: 400;\">Si quieres disfrutar de una experiencia completa despu\u00e9s de tu jornada de senderismo, te invitamos a relajarte en <\/span><a href=\"https:\/\/www.serawahotels.com\/hoteles\/serawa-moraira\/\"><span style=\"font-weight: 400;\">uno de los acogedores hoteles en Moraira<\/span><\/a><span style=\"font-weight: 400;\">, <\/span><b>SERAWA Moraira<\/b><span style=\"font-weight: 400;\">, un hotel ecol\u00f3gico que se alinea con la filosof\u00eda de sostenibilidad de la ruta.\u00a0<\/span><\/p>\n<p><span style=\"font-weight: 400;\">Nuestro hotel cuenta con una piscina de agua salada para que puedas refrescarte mientras disfrutas de un entorno natural. O si lo prefieres, relajarte y rejuvenecer tras un d\u00eda explorando la Costa Blanca en nuestro spa con tratamientos y masajes.\u00a0<\/span><\/p>\n<p><span style=\"font-weight: 400;\">Si buscas d\u00f3nde alojarte, <\/span><b>SERAWA Moraira<\/b><span style=\"font-weight: 400;\"> combina confort y compromiso con el medio ambiente, garantizando una estancia placentera y sostenible en el coraz\u00f3n de Moraira.<\/span><\/p>\n<p>\u00a0<\/p>\t\t\t\t\t\t\t\t<\/div>\n\t\t\t\t<\/div>\n\t\t\t\t<\/div>\n\t\t\t\t\t<\/div>\n\t\t\t\t<\/div>\n\t\t<div class=\"elementor-element elementor-element-540534d5 e-flex e-con-boxed e-con e-parent\" data-id=\"540534d5\" data-element_type=\"container\">\n\t\t\t\t\t<div class=\"e-con-inner\">\n\t\t\t\t<div class=\"elementor-element elementor-element-56bfddc5 elementor-widget elementor-widget-elementskit-social-share\" data-id=\"56bfddc5\" data-element_type=\"widget\" data-widget_type=\"elementskit-social-share.default\">\n\t\t\t\t<div class=\"elementor-widget-container\">\n\t\t\t\t\t<div class=\"ekit-wid-con\" >\t\t<ul class=\"ekit_socialshare\">\n                            <li class=\"elementor-repeater-item-4e446f1\" data-social=\"facebook\">\n                    <div class=\"facebook\">\n                        \n                        <i aria-hidden=\"true\" class=\"icon icon-facebook\"><\/i>                        \n                                                                                            <\/div>\n                <\/li>\n                                            <li class=\"elementor-repeater-item-c25fdd7\" data-social=\"twitter\">\n                    <div class=\"twitter\">\n                        \n                        <i aria-hidden=\"true\" class=\"icon icon-twitter\"><\/i>                        \n                                                                                            <\/div>\n                <\/li>\n                                            <li class=\"elementor-repeater-item-7e9667e\" data-social=\"linkedin\">\n                    <div class=\"linkedin\">\n                        \n                        <i aria-hidden=\"true\" class=\"icon icon-linkedin\"><\/i>                        \n                                                                                            <\/div>\n                <\/li>\n                                    <\/ul>\n        <\/div>\t\t\t\t<\/div>\n\t\t\t\t<\/div>\n\t\t\t\t\t<\/div>\n\t\t\t\t<\/div>\n\t\t\t\t<section class=\"elementor-section elementor-top-section elementor-element elementor-element-71607cc5 elementor-section-boxed elementor-section-height-default elementor-section-height-default\" data-id=\"71607cc5\" data-element_type=\"section\" data-settings=\"{&quot;background_background&quot;:&quot;classic&quot;}\">\n\t\t\t\t\t\t<div class=\"elementor-container elementor-column-gap-default\">\n\t\t\t\t\t<div class=\"elementor-column elementor-col-100 elementor-top-column elementor-element elementor-element-38d4969c\" data-id=\"38d4969c\" data-element_type=\"column\">\n\t\t\t<div class=\"elementor-widget-wrap elementor-element-populated\">\n\t\t\t\t\t\t<section class=\"elementor-section elementor-inner-section elementor-element elementor-element-21a84f73 blog elementor-section-boxed elementor-section-height-default elementor-section-height-default\" data-id=\"21a84f73\" data-element_type=\"section\">\n\t\t\t\t\t\t<div class=\"elementor-container elementor-column-gap-default\">\n\t\t\t\t\t<div class=\"elementor-column elementor-col-100 elementor-inner-column elementor-element elementor-element-46410281\" data-id=\"46410281\" data-element_type=\"column\">\n\t\t\t<div class=\"elementor-widget-wrap elementor-element-populated\">\n\t\t\t\t\t\t<div class=\"elementor-element elementor-element-7c266ce4 elementor-widget elementor-widget-heading\" data-id=\"7c266ce4\" data-element_type=\"widget\" data-widget_type=\"heading.default\">\n\t\t\t\t<div class=\"elementor-widget-container\">\n\t\t\t\t\t<h4 class=\"elementor-heading-title elementor-size-default\"><a href=\"https:\/\/www.instagram.com\/serawahotels\/\" target=\"_blank\">S\u00cdGUENOS EN @SERAWAHOTELS<\/a><\/h4>\t\t\t\t<\/div>\n\t\t\t\t<\/div>\n\t\t\t\t<div class=\"elementor-element elementor-element-5071a078 elementor-widget elementor-widget-shortcode\" data-id=\"5071a078\" data-element_type=\"widget\" data-widget_type=\"shortcode.default\">\n\t\t\t\t<div class=\"elementor-widget-container\">\n\t\t\t\t\t\t\t<div class=\"elementor-shortcode\">\n<div id=\"sb_instagram\"  class=\"sbi sbi_mob_col_1 sbi_tab_col_2 sbi_col_4 sbi_width_resp sbi_palette_custom_1\" style=\"padding-bottom: 2px;\" data-feedid=\"*1\"  data-res=\"auto\" data-cols=\"4\" data-colsmobile=\"1\" data-colstablet=\"2\" data-num=\"4\" data-nummobile=\"4\" data-item-padding=\"1\" data-shortcode-atts=\"{&quot;feed&quot;:&quot;1&quot;}\"  data-postid=\"1211\" data-locatornonce=\"2848b475c7\" data-sbi-flags=\"favorLocal,gdpr\">\n\t<div class=\"sb_instagram_header  sbi_medium sbi_header_palette_custom_1\"   >\n\t<a class=\"sbi_header_link\" target=\"_blank\" rel=\"nofollow noopener\" href=\"https:\/\/www.instagram.com\/serawahotels\/\" title=\"@serawahotels\">\n\t\t<div class=\"sbi_header_text\">\n\t\t\t<div class=\"sbi_header_img\"  data-avatar-url=\"https:\/\/scontent-mad2-1.cdninstagram.com\/v\/t51.2885-19\/447361075_820996629603775_3858193176153164851_n.jpg?stp=dst-jpg_s206x206_tt6&amp;_nc_cat=100&amp;ccb=7-5&amp;_nc_sid=bf7eb4&amp;efg=eyJ2ZW5jb2RlX3RhZyI6InByb2ZpbGVfcGljLnd3dy4xMDgwLkMzIn0%3D&amp;_nc_ohc=SWYoC7vOUpAQ7kNvwHHDhL-&amp;_nc_oc=Ado0CANmlP8RQrpEdQlLc59SAJE5CMiuZH922GnTJyyUD85kAwmRi7XSip-qcyRSpDQ&amp;_nc_zt=24&amp;_nc_ht=scontent-mad2-1.cdninstagram.com&amp;edm=AP4hL3IEAAAA&amp;_nc_tpa=Q5bMBQGRZwDG4aRBfHpsbz416v5JEqWCycneEa2zgotqC01VQEvil0K9uZioU0JbxhG6ZP_x3e0RZZ7liA&amp;oh=00_Af3-0C76wWzpZXFK59tZLsLVWwYywZL0p_J0xWWa0rv6uQ&amp;oe=69F754A5\">\n\t\t\t\t\t\t\t\t\t<div class=\"sbi_header_img_hover\"  ><svg class=\"sbi_new_logo fa-instagram fa-w-14\" aria-hidden=\"true\" data-fa-processed=\"\" aria-label=\"Instagram\" data-prefix=\"fab\" data-icon=\"instagram\" role=\"img\" viewBox=\"0 0 448 512\">\n\t                <path fill=\"currentColor\" d=\"M224.1 141c-63.6 0-114.9 51.3-114.9 114.9s51.3 114.9 114.9 114.9S339 319.5 339 255.9 287.7 141 224.1 141zm0 189.6c-41.1 0-74.7-33.5-74.7-74.7s33.5-74.7 74.7-74.7 74.7 33.5 74.7 74.7-33.6 74.7-74.7 74.7zm146.4-194.3c0 14.9-12 26.8-26.8 26.8-14.9 0-26.8-12-26.8-26.8s12-26.8 26.8-26.8 26.8 12 26.8 26.8zm76.1 27.2c-1.7-35.9-9.9-67.7-36.2-93.9-26.2-26.2-58-34.4-93.9-36.2-37-2.1-147.9-2.1-184.9 0-35.8 1.7-67.6 9.9-93.9 36.1s-34.4 58-36.2 93.9c-2.1 37-2.1 147.9 0 184.9 1.7 35.9 9.9 67.7 36.2 93.9s58 34.4 93.9 36.2c37 2.1 147.9 2.1 184.9 0 35.9-1.7 67.7-9.9 93.9-36.2 26.2-26.2 34.4-58 36.2-93.9 2.1-37 2.1-147.8 0-184.8zM398.8 388c-7.8 19.6-22.9 34.7-42.6 42.6-29.5 11.7-99.5 9-132.1 9s-102.7 2.6-132.1-9c-19.6-7.8-34.7-22.9-42.6-42.6-11.7-29.5-9-99.5-9-132.1s-2.6-102.7 9-132.1c7.8-19.6 22.9-34.7 42.6-42.6 29.5-11.7 99.5-9 132.1-9s102.7-2.6 132.1 9c19.6 7.8 34.7 22.9 42.6 42.6 11.7 29.5 9 99.5 9 132.1s2.7 102.7-9 132.1z\"><\/path>\n\t            <\/svg><\/div>\n\t\t\t\t\t<img loading=\"lazy\" decoding=\"async\"  src=\"https:\/\/www.serawahotels.com\/hoteles-sostenibles\/wp-content\/uploads\/sb-instagram-feed-images\/serawahotels.jpg\" alt=\"SERAWA Hotels ****\" width=\"50\" height=\"50\">\n\t\t\t\t\t\t\t\t\t\t\t<\/div>\n\n\t\t\t<div class=\"sbi_feedtheme_header_text\">\n\t\t\t\t<h3><span class=\"ez-toc-section\" id=\"serawahotels\"><\/span>serawahotels<span class=\"ez-toc-section-end\"><\/span><\/h3>\n\t\t\t\t\t\t\t\t\t<p class=\"sbi_bio\">Boutique Hotels. Hoteles sostenibles.<br>\n~ Alicante \u2022 Moraira ~<br>\n\ud83c\udf31  Share:\u00a0#SERAWA #SERAWAlicante #SERAWAMoraira<\/p>\n\t\t\t\t\t\t\t<\/div>\n\t\t<\/div>\n\t<\/a>\n<\/div>\n\n    <div id=\"sbi_images\"  style=\"gap: 2px;\">\n\t\t<div class=\"sbi_item sbi_type_carousel sbi_new sbi_transition\" id=\"sbi_18055148489445470\" data-date=\"1771589916\">\n    <div class=\"sbi_photo_wrap\">\n        <a class=\"sbi_photo\" href=\"https:\/\/www.instagram.com\/p\/DU-r1-1DWpM\/\" target=\"_blank\" rel=\"noopener nofollow\" data-full-res=\"https:\/\/scontent-mad2-1.cdninstagram.com\/v\/t51.82787-15\/639975795_18082128092462612_5215820123148370125_n.jpg?stp=dst-jpg_e35_tt6&#038;_nc_cat=111&#038;ccb=7-5&#038;_nc_sid=18de74&#038;efg=eyJlZmdfdGFnIjoiQ0FST1VTRUxfSVRFTS5iZXN0X2ltYWdlX3VybGdlbi5DMyJ9&#038;_nc_ohc=DmTEx7jPqjIQ7kNvwGJqqf3&#038;_nc_oc=AdqCrarcwJYz6WoJGsP5hXiaciJIhehv61Y3fWgnl1Q5zaUJuN8wehZmHS8oaDoKtKo&#038;_nc_zt=23&#038;_nc_ht=scontent-mad2-1.cdninstagram.com&#038;edm=ANo9K5cEAAAA&#038;_nc_gid=u6c9b18FqW6TRvvwK2DjrQ&#038;_nc_tpa=Q5bMBQG0xPSc0yuVnCwQYjQaFvZVnK-_D4rvHbLZCJzNDtX7IgzbolTUTqwGEpvV1buStpKyZFVS1ZHJtw&#038;oh=00_Af3-24i45L5BDhKgAenAmhlBuUGpJr57gK45usT578icmQ&#038;oe=69F786E5\" data-img-src-set=\"{&quot;d&quot;:&quot;https:\\\/\\\/scontent-mad2-1.cdninstagram.com\\\/v\\\/t51.82787-15\\\/639975795_18082128092462612_5215820123148370125_n.jpg?stp=dst-jpg_e35_tt6&amp;_nc_cat=111&amp;ccb=7-5&amp;_nc_sid=18de74&amp;efg=eyJlZmdfdGFnIjoiQ0FST1VTRUxfSVRFTS5iZXN0X2ltYWdlX3VybGdlbi5DMyJ9&amp;_nc_ohc=DmTEx7jPqjIQ7kNvwGJqqf3&amp;_nc_oc=AdqCrarcwJYz6WoJGsP5hXiaciJIhehv61Y3fWgnl1Q5zaUJuN8wehZmHS8oaDoKtKo&amp;_nc_zt=23&amp;_nc_ht=scontent-mad2-1.cdninstagram.com&amp;edm=ANo9K5cEAAAA&amp;_nc_gid=u6c9b18FqW6TRvvwK2DjrQ&amp;_nc_tpa=Q5bMBQG0xPSc0yuVnCwQYjQaFvZVnK-_D4rvHbLZCJzNDtX7IgzbolTUTqwGEpvV1buStpKyZFVS1ZHJtw&amp;oh=00_Af3-24i45L5BDhKgAenAmhlBuUGpJr57gK45usT578icmQ&amp;oe=69F786E5&quot;,&quot;150&quot;:&quot;https:\\\/\\\/scontent-mad2-1.cdninstagram.com\\\/v\\\/t51.82787-15\\\/639975795_18082128092462612_5215820123148370125_n.jpg?stp=dst-jpg_e35_tt6&amp;_nc_cat=111&amp;ccb=7-5&amp;_nc_sid=18de74&amp;efg=eyJlZmdfdGFnIjoiQ0FST1VTRUxfSVRFTS5iZXN0X2ltYWdlX3VybGdlbi5DMyJ9&amp;_nc_ohc=DmTEx7jPqjIQ7kNvwGJqqf3&amp;_nc_oc=AdqCrarcwJYz6WoJGsP5hXiaciJIhehv61Y3fWgnl1Q5zaUJuN8wehZmHS8oaDoKtKo&amp;_nc_zt=23&amp;_nc_ht=scontent-mad2-1.cdninstagram.com&amp;edm=ANo9K5cEAAAA&amp;_nc_gid=u6c9b18FqW6TRvvwK2DjrQ&amp;_nc_tpa=Q5bMBQG0xPSc0yuVnCwQYjQaFvZVnK-_D4rvHbLZCJzNDtX7IgzbolTUTqwGEpvV1buStpKyZFVS1ZHJtw&amp;oh=00_Af3-24i45L5BDhKgAenAmhlBuUGpJr57gK45usT578icmQ&amp;oe=69F786E5&quot;,&quot;320&quot;:&quot;https:\\\/\\\/scontent-mad2-1.cdninstagram.com\\\/v\\\/t51.82787-15\\\/639975795_18082128092462612_5215820123148370125_n.jpg?stp=dst-jpg_e35_tt6&amp;_nc_cat=111&amp;ccb=7-5&amp;_nc_sid=18de74&amp;efg=eyJlZmdfdGFnIjoiQ0FST1VTRUxfSVRFTS5iZXN0X2ltYWdlX3VybGdlbi5DMyJ9&amp;_nc_ohc=DmTEx7jPqjIQ7kNvwGJqqf3&amp;_nc_oc=AdqCrarcwJYz6WoJGsP5hXiaciJIhehv61Y3fWgnl1Q5zaUJuN8wehZmHS8oaDoKtKo&amp;_nc_zt=23&amp;_nc_ht=scontent-mad2-1.cdninstagram.com&amp;edm=ANo9K5cEAAAA&amp;_nc_gid=u6c9b18FqW6TRvvwK2DjrQ&amp;_nc_tpa=Q5bMBQG0xPSc0yuVnCwQYjQaFvZVnK-_D4rvHbLZCJzNDtX7IgzbolTUTqwGEpvV1buStpKyZFVS1ZHJtw&amp;oh=00_Af3-24i45L5BDhKgAenAmhlBuUGpJr57gK45usT578icmQ&amp;oe=69F786E5&quot;,&quot;640&quot;:&quot;https:\\\/\\\/scontent-mad2-1.cdninstagram.com\\\/v\\\/t51.82787-15\\\/639975795_18082128092462612_5215820123148370125_n.jpg?stp=dst-jpg_e35_tt6&amp;_nc_cat=111&amp;ccb=7-5&amp;_nc_sid=18de74&amp;efg=eyJlZmdfdGFnIjoiQ0FST1VTRUxfSVRFTS5iZXN0X2ltYWdlX3VybGdlbi5DMyJ9&amp;_nc_ohc=DmTEx7jPqjIQ7kNvwGJqqf3&amp;_nc_oc=AdqCrarcwJYz6WoJGsP5hXiaciJIhehv61Y3fWgnl1Q5zaUJuN8wehZmHS8oaDoKtKo&amp;_nc_zt=23&amp;_nc_ht=scontent-mad2-1.cdninstagram.com&amp;edm=ANo9K5cEAAAA&amp;_nc_gid=u6c9b18FqW6TRvvwK2DjrQ&amp;_nc_tpa=Q5bMBQG0xPSc0yuVnCwQYjQaFvZVnK-_D4rvHbLZCJzNDtX7IgzbolTUTqwGEpvV1buStpKyZFVS1ZHJtw&amp;oh=00_Af3-24i45L5BDhKgAenAmhlBuUGpJr57gK45usT578icmQ&amp;oe=69F786E5&quot;}\">\n            <span class=\"sbi-screenreader\">Celebra tus momentos m\u00e1s especiales en @oleabyser<\/span>\n            <svg class=\"svg-inline--fa fa-clone fa-w-16 sbi_lightbox_carousel_icon\" aria-hidden=\"true\" aria-label=\"Clone\" data-fa-pro\u0192cessed=\"\" data-prefix=\"far\" data-icon=\"clone\" role=\"img\" xmlns=\"http:\/\/www.w3.org\/2000\/svg\" viewBox=\"0 0 512 512\">\n\t                <path fill=\"currentColor\" d=\"M464 0H144c-26.51 0-48 21.49-48 48v48H48c-26.51 0-48 21.49-48 48v320c0 26.51 21.49 48 48 48h320c26.51 0 48-21.49 48-48v-48h48c26.51 0 48-21.49 48-48V48c0-26.51-21.49-48-48-48zM362 464H54a6 6 0 0 1-6-6V150a6 6 0 0 1 6-6h42v224c0 26.51 21.49 48 48 48h224v42a6 6 0 0 1-6 6zm96-96H150a6 6 0 0 1-6-6V54a6 6 0 0 1 6-6h308a6 6 0 0 1 6 6v308a6 6 0 0 1-6 6z\"><\/path>\n\t            <\/svg>\t                    <img decoding=\"async\" src=\"https:\/\/www.serawahotels.com\/hoteles-sostenibles\/wp-content\/plugins\/instagram-feed\/img\/placeholder.png\" alt=\"Celebra tus momentos m\u00e1s especiales en @oleabyserawa \u2728\n\nEl espacio ideal para bautizos y comuniones en Moraira .\ud83c\udf3f\n\nDisfruta de una terraza \u00fanica en plena naturaleza, ubicada dentro del hotel sostenible de 4 \u2b50 @serawamoraira \n\n\ud83d\udcf8 Exteriores rodeados de paisaje natural, perfectos para sesiones de fotos y actividades al aire libre.\n\nReserva o solicita informaci\u00f3n:\n\n\ud83d\udcde 965 74 71 88\n\ud83d\udce9 info.moraira@serawahotels.com\">\n        <\/a>\n    <\/div>\n<\/div><div class=\"sbi_item sbi_type_image sbi_new sbi_transition\" id=\"sbi_17847285261401734\" data-date=\"1738263607\">\n    <div class=\"sbi_photo_wrap\">\n        <a class=\"sbi_photo\" href=\"https:\/\/www.instagram.com\/p\/DFde88fPn9S\/\" target=\"_blank\" rel=\"noopener nofollow\" data-full-res=\"https:\/\/scontent-mad2-1.cdninstagram.com\/v\/t39.30808-6\/492399421_1312848897510479_368701286683072813_n.jpg?stp=dst-jpg_e35_tt6&#038;_nc_cat=108&#038;ccb=7-5&#038;_nc_sid=18de74&#038;efg=eyJlZmdfdGFnIjoiRkVFRC5iZXN0X2ltYWdlX3VybGdlbi5DMyJ9&#038;_nc_ohc=YvoHY97r-Z0Q7kNvwEhM6ud&#038;_nc_oc=Adq-mdrrsJ-fHt2s8swG7IeybFkoT_HixjO5QBleP-iXLy_CXpgHZhl5JeR95JTSe0Y&#038;_nc_zt=23&#038;_nc_ht=scontent-mad2-1.cdninstagram.com&#038;edm=ANo9K5cEAAAA&#038;_nc_gid=u6c9b18FqW6TRvvwK2DjrQ&#038;_nc_tpa=Q5bMBQEuhBeDiSnutjcE9xPqPoEPie7BZS4DfeK8Yyxs5VGTmVIZ07Lm9R_jiiJ0Z5X_FCM5e-2aiOywtw&#038;oh=00_Af3wA3u5ZJVq9rPpQUcOc7UZK0aA7gtMJhdt-6NC1iKUHg&#038;oe=69F78366\" data-img-src-set=\"{&quot;d&quot;:&quot;https:\\\/\\\/scontent-mad2-1.cdninstagram.com\\\/v\\\/t39.30808-6\\\/492399421_1312848897510479_368701286683072813_n.jpg?stp=dst-jpg_e35_tt6&amp;_nc_cat=108&amp;ccb=7-5&amp;_nc_sid=18de74&amp;efg=eyJlZmdfdGFnIjoiRkVFRC5iZXN0X2ltYWdlX3VybGdlbi5DMyJ9&amp;_nc_ohc=YvoHY97r-Z0Q7kNvwEhM6ud&amp;_nc_oc=Adq-mdrrsJ-fHt2s8swG7IeybFkoT_HixjO5QBleP-iXLy_CXpgHZhl5JeR95JTSe0Y&amp;_nc_zt=23&amp;_nc_ht=scontent-mad2-1.cdninstagram.com&amp;edm=ANo9K5cEAAAA&amp;_nc_gid=u6c9b18FqW6TRvvwK2DjrQ&amp;_nc_tpa=Q5bMBQEuhBeDiSnutjcE9xPqPoEPie7BZS4DfeK8Yyxs5VGTmVIZ07Lm9R_jiiJ0Z5X_FCM5e-2aiOywtw&amp;oh=00_Af3wA3u5ZJVq9rPpQUcOc7UZK0aA7gtMJhdt-6NC1iKUHg&amp;oe=69F78366&quot;,&quot;150&quot;:&quot;https:\\\/\\\/scontent-mad2-1.cdninstagram.com\\\/v\\\/t39.30808-6\\\/492399421_1312848897510479_368701286683072813_n.jpg?stp=dst-jpg_e35_tt6&amp;_nc_cat=108&amp;ccb=7-5&amp;_nc_sid=18de74&amp;efg=eyJlZmdfdGFnIjoiRkVFRC5iZXN0X2ltYWdlX3VybGdlbi5DMyJ9&amp;_nc_ohc=YvoHY97r-Z0Q7kNvwEhM6ud&amp;_nc_oc=Adq-mdrrsJ-fHt2s8swG7IeybFkoT_HixjO5QBleP-iXLy_CXpgHZhl5JeR95JTSe0Y&amp;_nc_zt=23&amp;_nc_ht=scontent-mad2-1.cdninstagram.com&amp;edm=ANo9K5cEAAAA&amp;_nc_gid=u6c9b18FqW6TRvvwK2DjrQ&amp;_nc_tpa=Q5bMBQEuhBeDiSnutjcE9xPqPoEPie7BZS4DfeK8Yyxs5VGTmVIZ07Lm9R_jiiJ0Z5X_FCM5e-2aiOywtw&amp;oh=00_Af3wA3u5ZJVq9rPpQUcOc7UZK0aA7gtMJhdt-6NC1iKUHg&amp;oe=69F78366&quot;,&quot;320&quot;:&quot;https:\\\/\\\/scontent-mad2-1.cdninstagram.com\\\/v\\\/t39.30808-6\\\/492399421_1312848897510479_368701286683072813_n.jpg?stp=dst-jpg_e35_tt6&amp;_nc_cat=108&amp;ccb=7-5&amp;_nc_sid=18de74&amp;efg=eyJlZmdfdGFnIjoiRkVFRC5iZXN0X2ltYWdlX3VybGdlbi5DMyJ9&amp;_nc_ohc=YvoHY97r-Z0Q7kNvwEhM6ud&amp;_nc_oc=Adq-mdrrsJ-fHt2s8swG7IeybFkoT_HixjO5QBleP-iXLy_CXpgHZhl5JeR95JTSe0Y&amp;_nc_zt=23&amp;_nc_ht=scontent-mad2-1.cdninstagram.com&amp;edm=ANo9K5cEAAAA&amp;_nc_gid=u6c9b18FqW6TRvvwK2DjrQ&amp;_nc_tpa=Q5bMBQEuhBeDiSnutjcE9xPqPoEPie7BZS4DfeK8Yyxs5VGTmVIZ07Lm9R_jiiJ0Z5X_FCM5e-2aiOywtw&amp;oh=00_Af3wA3u5ZJVq9rPpQUcOc7UZK0aA7gtMJhdt-6NC1iKUHg&amp;oe=69F78366&quot;,&quot;640&quot;:&quot;https:\\\/\\\/scontent-mad2-1.cdninstagram.com\\\/v\\\/t39.30808-6\\\/492399421_1312848897510479_368701286683072813_n.jpg?stp=dst-jpg_e35_tt6&amp;_nc_cat=108&amp;ccb=7-5&amp;_nc_sid=18de74&amp;efg=eyJlZmdfdGFnIjoiRkVFRC5iZXN0X2ltYWdlX3VybGdlbi5DMyJ9&amp;_nc_ohc=YvoHY97r-Z0Q7kNvwEhM6ud&amp;_nc_oc=Adq-mdrrsJ-fHt2s8swG7IeybFkoT_HixjO5QBleP-iXLy_CXpgHZhl5JeR95JTSe0Y&amp;_nc_zt=23&amp;_nc_ht=scontent-mad2-1.cdninstagram.com&amp;edm=ANo9K5cEAAAA&amp;_nc_gid=u6c9b18FqW6TRvvwK2DjrQ&amp;_nc_tpa=Q5bMBQEuhBeDiSnutjcE9xPqPoEPie7BZS4DfeK8Yyxs5VGTmVIZ07Lm9R_jiiJ0Z5X_FCM5e-2aiOywtw&amp;oh=00_Af3wA3u5ZJVq9rPpQUcOc7UZK0aA7gtMJhdt-6NC1iKUHg&amp;oe=69F78366&quot;}\">\n            <span class=\"sbi-screenreader\">Si eres instructor de yoga y est\u00e1s buscando el lu<\/span>\n            \t                    <img decoding=\"async\" src=\"https:\/\/www.serawahotels.com\/hoteles-sostenibles\/wp-content\/plugins\/instagram-feed\/img\/placeholder.png\" alt=\"Si eres instructor de yoga y est\u00e1s buscando el lugar perfecto para organizar un retiro, SERAWA Moraira te ofrece todo lo que necesitas para una experiencia inolvidable:\n\n\u2705 Amplios espacios verdes al aire libre, ideales para sesiones de yoga en plena naturaleza.\n\u2705 Jardines tranquilos y la terraza de nuestro restaurante, perfecta para desayunos healthy con vistas.\n\u2705 Desayunos saludables tipo buffet, elaborados con productos locales y de nuestro propio huerto.\n\u2705 Restaurante Olea By SERAWA, para comidas y cenas que combinan productos frescos, ecol\u00f3gicos y de proximidad.\n\u2705 Espacios interiores vers\u00e1tiles, adaptados para sesiones m\u00e1s privadas o talleres.\n\u2705 Piscina y spa, donde los asistentes podr\u00e1n relajarse y revitalizarse entre actividades.\n\u2705 Alojamiento en nuestras habitaciones c\u00f3modas y sostenibles.\n\nCons\u00faltanos \ud83e\udd70 serawahotels.com\n\n#SERAWA #SERAWAHotels #SERAWAMoraira #retiro #retiros #retiroyoga #yoga #instructores #wellness #meditacion\">\n        <\/a>\n    <\/div>\n<\/div><div class=\"sbi_item sbi_type_carousel sbi_new sbi_transition\" id=\"sbi_17938490132959770\" data-date=\"1738090815\">\n    <div class=\"sbi_photo_wrap\">\n        <a class=\"sbi_photo\" href=\"https:\/\/www.instagram.com\/p\/DFYVYN5OOUz\/\" target=\"_blank\" rel=\"noopener nofollow\" data-full-res=\"https:\/\/scontent-mad2-1.cdninstagram.com\/v\/t39.30808-6\/493722164_1312848684177167_8624498962104657811_n.jpg?stp=dst-jpg_e35_tt6&#038;_nc_cat=108&#038;ccb=7-5&#038;_nc_sid=18de74&#038;efg=eyJlZmdfdGFnIjoiQ0FST1VTRUxfSVRFTS5iZXN0X2ltYWdlX3VybGdlbi5DMyJ9&#038;_nc_ohc=8GrIKyHeBWgQ7kNvwF_XbnR&#038;_nc_oc=Adr_lR3GuSRM6dRI9waQS0yVHOnUa1y6JSWYOrUPdEoRyq9XGStPn6xA3fKaBPedskU&#038;_nc_zt=23&#038;_nc_ht=scontent-mad2-1.cdninstagram.com&#038;edm=ANo9K5cEAAAA&#038;_nc_gid=u6c9b18FqW6TRvvwK2DjrQ&#038;_nc_tpa=Q5bMBQE971mVt9AxGe0BojQHw8k9NQnAAkWaSx-JT-ROyA-tVYD7MjRBb0OhbPLipJyw15_AF_dtWpZn3g&#038;oh=00_Af220Q10asLiDlG3US8VWTkBUf9W0hRwx-Dig--jvUHSSg&#038;oe=69F76500\" data-img-src-set=\"{&quot;d&quot;:&quot;https:\\\/\\\/scontent-mad2-1.cdninstagram.com\\\/v\\\/t39.30808-6\\\/493722164_1312848684177167_8624498962104657811_n.jpg?stp=dst-jpg_e35_tt6&amp;_nc_cat=108&amp;ccb=7-5&amp;_nc_sid=18de74&amp;efg=eyJlZmdfdGFnIjoiQ0FST1VTRUxfSVRFTS5iZXN0X2ltYWdlX3VybGdlbi5DMyJ9&amp;_nc_ohc=8GrIKyHeBWgQ7kNvwF_XbnR&amp;_nc_oc=Adr_lR3GuSRM6dRI9waQS0yVHOnUa1y6JSWYOrUPdEoRyq9XGStPn6xA3fKaBPedskU&amp;_nc_zt=23&amp;_nc_ht=scontent-mad2-1.cdninstagram.com&amp;edm=ANo9K5cEAAAA&amp;_nc_gid=u6c9b18FqW6TRvvwK2DjrQ&amp;_nc_tpa=Q5bMBQE971mVt9AxGe0BojQHw8k9NQnAAkWaSx-JT-ROyA-tVYD7MjRBb0OhbPLipJyw15_AF_dtWpZn3g&amp;oh=00_Af220Q10asLiDlG3US8VWTkBUf9W0hRwx-Dig--jvUHSSg&amp;oe=69F76500&quot;,&quot;150&quot;:&quot;https:\\\/\\\/scontent-mad2-1.cdninstagram.com\\\/v\\\/t39.30808-6\\\/493722164_1312848684177167_8624498962104657811_n.jpg?stp=dst-jpg_e35_tt6&amp;_nc_cat=108&amp;ccb=7-5&amp;_nc_sid=18de74&amp;efg=eyJlZmdfdGFnIjoiQ0FST1VTRUxfSVRFTS5iZXN0X2ltYWdlX3VybGdlbi5DMyJ9&amp;_nc_ohc=8GrIKyHeBWgQ7kNvwF_XbnR&amp;_nc_oc=Adr_lR3GuSRM6dRI9waQS0yVHOnUa1y6JSWYOrUPdEoRyq9XGStPn6xA3fKaBPedskU&amp;_nc_zt=23&amp;_nc_ht=scontent-mad2-1.cdninstagram.com&amp;edm=ANo9K5cEAAAA&amp;_nc_gid=u6c9b18FqW6TRvvwK2DjrQ&amp;_nc_tpa=Q5bMBQE971mVt9AxGe0BojQHw8k9NQnAAkWaSx-JT-ROyA-tVYD7MjRBb0OhbPLipJyw15_AF_dtWpZn3g&amp;oh=00_Af220Q10asLiDlG3US8VWTkBUf9W0hRwx-Dig--jvUHSSg&amp;oe=69F76500&quot;,&quot;320&quot;:&quot;https:\\\/\\\/scontent-mad2-1.cdninstagram.com\\\/v\\\/t39.30808-6\\\/493722164_1312848684177167_8624498962104657811_n.jpg?stp=dst-jpg_e35_tt6&amp;_nc_cat=108&amp;ccb=7-5&amp;_nc_sid=18de74&amp;efg=eyJlZmdfdGFnIjoiQ0FST1VTRUxfSVRFTS5iZXN0X2ltYWdlX3VybGdlbi5DMyJ9&amp;_nc_ohc=8GrIKyHeBWgQ7kNvwF_XbnR&amp;_nc_oc=Adr_lR3GuSRM6dRI9waQS0yVHOnUa1y6JSWYOrUPdEoRyq9XGStPn6xA3fKaBPedskU&amp;_nc_zt=23&amp;_nc_ht=scontent-mad2-1.cdninstagram.com&amp;edm=ANo9K5cEAAAA&amp;_nc_gid=u6c9b18FqW6TRvvwK2DjrQ&amp;_nc_tpa=Q5bMBQE971mVt9AxGe0BojQHw8k9NQnAAkWaSx-JT-ROyA-tVYD7MjRBb0OhbPLipJyw15_AF_dtWpZn3g&amp;oh=00_Af220Q10asLiDlG3US8VWTkBUf9W0hRwx-Dig--jvUHSSg&amp;oe=69F76500&quot;,&quot;640&quot;:&quot;https:\\\/\\\/scontent-mad2-1.cdninstagram.com\\\/v\\\/t39.30808-6\\\/493722164_1312848684177167_8624498962104657811_n.jpg?stp=dst-jpg_e35_tt6&amp;_nc_cat=108&amp;ccb=7-5&amp;_nc_sid=18de74&amp;efg=eyJlZmdfdGFnIjoiQ0FST1VTRUxfSVRFTS5iZXN0X2ltYWdlX3VybGdlbi5DMyJ9&amp;_nc_ohc=8GrIKyHeBWgQ7kNvwF_XbnR&amp;_nc_oc=Adr_lR3GuSRM6dRI9waQS0yVHOnUa1y6JSWYOrUPdEoRyq9XGStPn6xA3fKaBPedskU&amp;_nc_zt=23&amp;_nc_ht=scontent-mad2-1.cdninstagram.com&amp;edm=ANo9K5cEAAAA&amp;_nc_gid=u6c9b18FqW6TRvvwK2DjrQ&amp;_nc_tpa=Q5bMBQE971mVt9AxGe0BojQHw8k9NQnAAkWaSx-JT-ROyA-tVYD7MjRBb0OhbPLipJyw15_AF_dtWpZn3g&amp;oh=00_Af220Q10asLiDlG3US8VWTkBUf9W0hRwx-Dig--jvUHSSg&amp;oe=69F76500&quot;}\">\n            <span class=\"sbi-screenreader\">\u00bfHas probado nuestro \ud83c\udf5a arroz a banda?\n\nDesde l<\/span>\n            <svg class=\"svg-inline--fa fa-clone fa-w-16 sbi_lightbox_carousel_icon\" aria-hidden=\"true\" aria-label=\"Clone\" data-fa-pro\u0192cessed=\"\" data-prefix=\"far\" data-icon=\"clone\" role=\"img\" xmlns=\"http:\/\/www.w3.org\/2000\/svg\" viewBox=\"0 0 512 512\">\n\t                <path fill=\"currentColor\" d=\"M464 0H144c-26.51 0-48 21.49-48 48v48H48c-26.51 0-48 21.49-48 48v320c0 26.51 21.49 48 48 48h320c26.51 0 48-21.49 48-48v-48h48c26.51 0 48-21.49 48-48V48c0-26.51-21.49-48-48-48zM362 464H54a6 6 0 0 1-6-6V150a6 6 0 0 1 6-6h42v224c0 26.51 21.49 48 48 48h224v42a6 6 0 0 1-6 6zm96-96H150a6 6 0 0 1-6-6V54a6 6 0 0 1 6-6h308a6 6 0 0 1 6 6v308a6 6 0 0 1-6 6z\"><\/path>\n\t            <\/svg>\t                    <img decoding=\"async\" src=\"https:\/\/www.serawahotels.com\/hoteles-sostenibles\/wp-content\/plugins\/instagram-feed\/img\/placeholder.png\" alt=\"\u00bfHas probado nuestro \ud83c\udf5a arroz a banda?\n\nDesde la costa de Moraira, este plato t\u00edpico se reinventa en las manos de nuestro chef, @artsalvetti \ud83d\udc68\ud83c\udffc\u200d\ud83c\udf73 Con ingredientes frescos y locales, cada grano cuenta una historia de tradici\u00f3n y esencia alicantina.\n\n#ArrozABanda #SERAWA #CocinaMediterr\u00e1nea #Alicante #Moraira #SERAWAMoraira #chef #arroz #gastronomia #food #foodie #instafood #foodphotography #foodblogger #foodlover #yummy\">\n        <\/a>\n    <\/div>\n<\/div><div class=\"sbi_item sbi_type_video sbi_new sbi_transition\" id=\"sbi_18072849064733384\" data-date=\"1737658855\">\n    <div class=\"sbi_photo_wrap\">\n        <a class=\"sbi_photo\" href=\"https:\/\/www.instagram.com\/reel\/DFLdd_JsNoo\/\" target=\"_blank\" rel=\"noopener nofollow\" data-full-res=\"https:\/\/scontent-mad1-1.cdninstagram.com\/v\/t51.71878-15\/503847359_928927782624638_3107283580134661409_n.jpg?stp=dst-jpg_e35_tt6&#038;_nc_cat=102&#038;ccb=7-5&#038;_nc_sid=18de74&#038;efg=eyJlZmdfdGFnIjoiQ0xJUFMuYmVzdF9pbWFnZV91cmxnZW4uQzMifQ%3D%3D&#038;_nc_ohc=XOT4T0Z1J84Q7kNvwHmGuu6&#038;_nc_oc=Adq1LZMEXOW6KQi9aC7dCwefa0h3Wye3WLSb9KOu0HOOALYUMyyEn3QOCu4SlSs-5n0&#038;_nc_zt=23&#038;_nc_ht=scontent-mad1-1.cdninstagram.com&#038;edm=ANo9K5cEAAAA&#038;_nc_gid=u6c9b18FqW6TRvvwK2DjrQ&#038;_nc_tpa=Q5bMBQGXAZqokhGEMO_wCs2EvJCP6NgVROF9h5ZpiomB-F_42wNVnBa4mlTQIBzsTV4xihCwzEVv9RVVkA&#038;oh=00_Af1eQ8B8S8nR2A8Kz31T5d7o3cz-qLRXQvKsZ0GXQNteDw&#038;oe=69F757D3\" data-img-src-set=\"{&quot;d&quot;:&quot;https:\\\/\\\/scontent-mad1-1.cdninstagram.com\\\/v\\\/t51.71878-15\\\/503847359_928927782624638_3107283580134661409_n.jpg?stp=dst-jpg_e35_tt6&amp;_nc_cat=102&amp;ccb=7-5&amp;_nc_sid=18de74&amp;efg=eyJlZmdfdGFnIjoiQ0xJUFMuYmVzdF9pbWFnZV91cmxnZW4uQzMifQ%3D%3D&amp;_nc_ohc=XOT4T0Z1J84Q7kNvwHmGuu6&amp;_nc_oc=Adq1LZMEXOW6KQi9aC7dCwefa0h3Wye3WLSb9KOu0HOOALYUMyyEn3QOCu4SlSs-5n0&amp;_nc_zt=23&amp;_nc_ht=scontent-mad1-1.cdninstagram.com&amp;edm=ANo9K5cEAAAA&amp;_nc_gid=u6c9b18FqW6TRvvwK2DjrQ&amp;_nc_tpa=Q5bMBQGXAZqokhGEMO_wCs2EvJCP6NgVROF9h5ZpiomB-F_42wNVnBa4mlTQIBzsTV4xihCwzEVv9RVVkA&amp;oh=00_Af1eQ8B8S8nR2A8Kz31T5d7o3cz-qLRXQvKsZ0GXQNteDw&amp;oe=69F757D3&quot;,&quot;150&quot;:&quot;https:\\\/\\\/scontent-mad1-1.cdninstagram.com\\\/v\\\/t51.71878-15\\\/503847359_928927782624638_3107283580134661409_n.jpg?stp=dst-jpg_e35_tt6&amp;_nc_cat=102&amp;ccb=7-5&amp;_nc_sid=18de74&amp;efg=eyJlZmdfdGFnIjoiQ0xJUFMuYmVzdF9pbWFnZV91cmxnZW4uQzMifQ%3D%3D&amp;_nc_ohc=XOT4T0Z1J84Q7kNvwHmGuu6&amp;_nc_oc=Adq1LZMEXOW6KQi9aC7dCwefa0h3Wye3WLSb9KOu0HOOALYUMyyEn3QOCu4SlSs-5n0&amp;_nc_zt=23&amp;_nc_ht=scontent-mad1-1.cdninstagram.com&amp;edm=ANo9K5cEAAAA&amp;_nc_gid=u6c9b18FqW6TRvvwK2DjrQ&amp;_nc_tpa=Q5bMBQGXAZqokhGEMO_wCs2EvJCP6NgVROF9h5ZpiomB-F_42wNVnBa4mlTQIBzsTV4xihCwzEVv9RVVkA&amp;oh=00_Af1eQ8B8S8nR2A8Kz31T5d7o3cz-qLRXQvKsZ0GXQNteDw&amp;oe=69F757D3&quot;,&quot;320&quot;:&quot;https:\\\/\\\/scontent-mad1-1.cdninstagram.com\\\/v\\\/t51.71878-15\\\/503847359_928927782624638_3107283580134661409_n.jpg?stp=dst-jpg_e35_tt6&amp;_nc_cat=102&amp;ccb=7-5&amp;_nc_sid=18de74&amp;efg=eyJlZmdfdGFnIjoiQ0xJUFMuYmVzdF9pbWFnZV91cmxnZW4uQzMifQ%3D%3D&amp;_nc_ohc=XOT4T0Z1J84Q7kNvwHmGuu6&amp;_nc_oc=Adq1LZMEXOW6KQi9aC7dCwefa0h3Wye3WLSb9KOu0HOOALYUMyyEn3QOCu4SlSs-5n0&amp;_nc_zt=23&amp;_nc_ht=scontent-mad1-1.cdninstagram.com&amp;edm=ANo9K5cEAAAA&amp;_nc_gid=u6c9b18FqW6TRvvwK2DjrQ&amp;_nc_tpa=Q5bMBQGXAZqokhGEMO_wCs2EvJCP6NgVROF9h5ZpiomB-F_42wNVnBa4mlTQIBzsTV4xihCwzEVv9RVVkA&amp;oh=00_Af1eQ8B8S8nR2A8Kz31T5d7o3cz-qLRXQvKsZ0GXQNteDw&amp;oe=69F757D3&quot;,&quot;640&quot;:&quot;https:\\\/\\\/scontent-mad1-1.cdninstagram.com\\\/v\\\/t51.71878-15\\\/503847359_928927782624638_3107283580134661409_n.jpg?stp=dst-jpg_e35_tt6&amp;_nc_cat=102&amp;ccb=7-5&amp;_nc_sid=18de74&amp;efg=eyJlZmdfdGFnIjoiQ0xJUFMuYmVzdF9pbWFnZV91cmxnZW4uQzMifQ%3D%3D&amp;_nc_ohc=XOT4T0Z1J84Q7kNvwHmGuu6&amp;_nc_oc=Adq1LZMEXOW6KQi9aC7dCwefa0h3Wye3WLSb9KOu0HOOALYUMyyEn3QOCu4SlSs-5n0&amp;_nc_zt=23&amp;_nc_ht=scontent-mad1-1.cdninstagram.com&amp;edm=ANo9K5cEAAAA&amp;_nc_gid=u6c9b18FqW6TRvvwK2DjrQ&amp;_nc_tpa=Q5bMBQGXAZqokhGEMO_wCs2EvJCP6NgVROF9h5ZpiomB-F_42wNVnBa4mlTQIBzsTV4xihCwzEVv9RVVkA&amp;oh=00_Af1eQ8B8S8nR2A8Kz31T5d7o3cz-qLRXQvKsZ0GXQNteDw&amp;oe=69F757D3&quot;}\">\n            <span class=\"sbi-screenreader\">Bebe, come, socializa. \ud83c\udf78 Vive la esencia alican<\/span>\n            \t        <svg style=\"color: rgba(255,255,255,1)\" class=\"svg-inline--fa fa-play fa-w-14 sbi_playbtn\" aria-label=\"Play\" aria-hidden=\"true\" data-fa-processed=\"\" data-prefix=\"fa\" data-icon=\"play\" role=\"presentation\" xmlns=\"http:\/\/www.w3.org\/2000\/svg\" viewBox=\"0 0 448 512\"><path fill=\"currentColor\" d=\"M424.4 214.7L72.4 6.6C43.8-10.3 0 6.1 0 47.9V464c0 37.5 40.7 60.1 72.4 41.3l352-208c31.4-18.5 31.5-64.1 0-82.6z\"><\/path><\/svg>            <img decoding=\"async\" src=\"https:\/\/www.serawahotels.com\/hoteles-sostenibles\/wp-content\/plugins\/instagram-feed\/img\/placeholder.png\" alt=\"Bebe, come, socializa. \ud83c\udf78 Vive la esencia alicantina en @alasazon_alicante. \ud83d\udccd Hotel SERAWA Alicante.\n\n#SERAWA #serawahotels #SERAWAlicante #Alasazon #AlasazonAlicante #GastronomiaAlicantina #ExperienciaGastronomica #AlasazonSabor #SaboresAlicantinos #AlasazonExplanada #EmocionGastronomica #AlasazonEncanto #PlacerCulinario #AlasazonDestino #RestauranteAlicante #CocinaReinterpretada\">\n        <\/a>\n    <\/div>\n<\/div>    <\/div>\n\n\t<div id=\"sbi_load\" >\n\n\t\n\t\t\t<span class=\"sbi_follow_btn sbi_custom\">\n        <a href=\"https:\/\/www.instagram.com\/serawahotels\/\" style=\"background: rgb(0,0,0);\" target=\"_blank\" rel=\"nofollow noopener\">\n            <svg class=\"svg-inline--fa fa-instagram fa-w-14\" aria-hidden=\"true\" data-fa-processed=\"\" aria-label=\"Instagram\" data-prefix=\"fab\" data-icon=\"instagram\" role=\"img\" viewBox=\"0 0 448 512\">\n\t                <path fill=\"currentColor\" d=\"M224.1 141c-63.6 0-114.9 51.3-114.9 114.9s51.3 114.9 114.9 114.9S339 319.5 339 255.9 287.7 141 224.1 141zm0 189.6c-41.1 0-74.7-33.5-74.7-74.7s33.5-74.7 74.7-74.7 74.7 33.5 74.7 74.7-33.6 74.7-74.7 74.7zm146.4-194.3c0 14.9-12 26.8-26.8 26.8-14.9 0-26.8-12-26.8-26.8s12-26.8 26.8-26.8 26.8 12 26.8 26.8zm76.1 27.2c-1.7-35.9-9.9-67.7-36.2-93.9-26.2-26.2-58-34.4-93.9-36.2-37-2.1-147.9-2.1-184.9 0-35.8 1.7-67.6 9.9-93.9 36.1s-34.4 58-36.2 93.9c-2.1 37-2.1 147.9 0 184.9 1.7 35.9 9.9 67.7 36.2 93.9s58 34.4 93.9 36.2c37 2.1 147.9 2.1 184.9 0 35.9-1.7 67.7-9.9 93.9-36.2 26.2-26.2 34.4-58 36.2-93.9 2.1-37 2.1-147.8 0-184.8zM398.8 388c-7.8 19.6-22.9 34.7-42.6 42.6-29.5 11.7-99.5 9-132.1 9s-102.7 2.6-132.1-9c-19.6-7.8-34.7-22.9-42.6-42.6-11.7-29.5-9-99.5-9-132.1s-2.6-102.7 9-132.1c7.8-19.6 22.9-34.7 42.6-42.6 29.5-11.7 99.5-9 132.1-9s102.7-2.6 132.1 9c19.6 7.8 34.7 22.9 42.6 42.6 11.7 29.5 9 99.5 9 132.1s2.7 102.7-9 132.1z\"><\/path>\n\t            <\/svg>            <span>Seguir en Instagram<\/span>\n        <\/a>\n    <\/span>\n\t\n<\/div>\n\n\t    <span class=\"sbi_resized_image_data\" data-feed-id=\"*1\" data-resized=\"{&quot;18072849064733384&quot;:{&quot;id&quot;:&quot;474945428_1335467884149915_9074732919608688685_n&quot;,&quot;ratio&quot;:&quot;0.56&quot;,&quot;sizes&quot;:{&quot;full&quot;:640,&quot;low&quot;:320,&quot;thumb&quot;:150},&quot;extension&quot;:&quot;.jpg&quot;},&quot;17938490132959770&quot;:{&quot;id&quot;:&quot;472736599_1210878894374147_6152889429478102134_n&quot;,&quot;ratio&quot;:&quot;0.80&quot;,&quot;sizes&quot;:{&quot;full&quot;:640,&quot;low&quot;:320,&quot;thumb&quot;:150},&quot;extension&quot;:&quot;.jpg&quot;},&quot;17847285261401734&quot;:{&quot;id&quot;:&quot;471754779_1210883127707057_9191398580496716957_n&quot;,&quot;ratio&quot;:&quot;0.80&quot;,&quot;sizes&quot;:{&quot;full&quot;:640,&quot;low&quot;:320,&quot;thumb&quot;:150},&quot;extension&quot;:&quot;.jpg&quot;},&quot;18055148489445470&quot;:{&quot;id&quot;:&quot;639975795_18082128092462612_5215820123148370125_n&quot;,&quot;ratio&quot;:&quot;0.75&quot;,&quot;sizes&quot;:{&quot;full&quot;:640,&quot;low&quot;:320,&quot;thumb&quot;:150},&quot;extension&quot;:&quot;.jpg&quot;}}\">\n\t<\/span>\n\t<\/div>\n\n\t<style type=\"text\/css\">\n\t\t\t\t\t\t\t\t\t\t\t\t\t<\/style>\n\t\t<style type=\"text\/css\">\n\t\t\t\t\n\t\t#sb_instagram .sbi_follow_btn a:hover,\n\t\t#sb_instagram .sbi_follow_btn a:focus{\n\t\t\toutline: none;\n\t\t\tbox-shadow: inset 0 0 10px 20px #A0C8CC;\n\t\t}\n\t\t\t<\/style>\n\t<\/div>\n\t\t\t\t\t\t<\/div>\n\t\t\t\t<\/div>\n\t\t\t\t\t<\/div>\n\t\t<\/div>\n\t\t\t\t\t<\/div>\n\t\t<\/section>\n\t\t\t\t\t<\/div>\n\t\t<\/div>\n\t\t\t\t\t<\/div>\n\t\t<\/section>\n\t\t\t\t<\/div>\n\t\t<\/p>","protected":false},"excerpt":{"rendered":"<p>Nuestros \u00faltimos art\u00edculos Los 10 mejores planes de invierno en Moraira (para todos los gustos) Qu\u00e9 hacer en Moraira en diciembre (y en Navidad) SERAWA Moraira en Aqu\u00ed la Tierra: \u00a1Del mar a la mesa! Donaciones DANA en Valencia: C\u00f3mo donar de forma segura y contribuir a la recuperaci\u00f3n de las zonas afectadas Qu\u00e9 ver [&hellip;]<\/p>\n","protected":false},"author":1,"featured_media":1212,"comment_status":"open","ping_status":"open","sticky":false,"template":"elementor_header_footer","format":"standard","meta":{"postBodyMargin":[],"postBodyPadding":[],"postBodyBackground":{"backgroundType":"classic","gradient":""},"footnotes":""},"categories":[11,10],"tags":[],"class_list":["post-1211","post","type-post","status-publish","format-standard","has-post-thumbnail","hentry","category-costa-blanca","category-naturaleza"],"yoast_head":"<!-- This site is optimized with the Yoast SEO plugin v24.3 - https:\/\/yoast.com\/wordpress\/plugins\/seo\/ -->\n<title>Ruta Calpe-Moraira: Una ruta ecol\u00f3gica de calas hasta Moraira<\/title>\n<meta name=\"description\" content=\"\u00bfQu\u00e9 hacer en Moraira? \u00a1Senderismo por la costa! Disfruta de las calas de Calpe, Benissa y Moraira. Cala Cap Blanc. \u00a1Ver ruta!\" \/>\n<meta name=\"robots\" content=\"index, follow, max-snippet:-1, max-image-preview:large, max-video-preview:-1\" \/>\n<link rel=\"canonical\" href=\"https:\/\/www.serawahotels.com\/hoteles-sostenibles\/naturaleza\/ruta-moraira-calpe\/\" \/>\n<meta property=\"og:locale\" content=\"es_ES\" \/>\n<meta property=\"og:type\" content=\"article\" \/>\n<meta property=\"og:title\" content=\"Ruta Calpe-Moraira: Una ruta ecol\u00f3gica de calas hasta Moraira\" \/>\n<meta property=\"og:description\" content=\"\u00bfQu\u00e9 hacer en Moraira? \u00a1Senderismo por la costa! Disfruta de las calas de Calpe, Benissa y Moraira. Cala Cap Blanc. \u00a1Ver ruta!\" \/>\n<meta property=\"og:url\" content=\"https:\/\/www.serawahotels.com\/hoteles-sostenibles\/naturaleza\/ruta-moraira-calpe\/\" \/>\n<meta property=\"og:site_name\" content=\"SERAWA Vibes ~ Blog de SERAWA Hotels\" \/>\n<meta property=\"article:publisher\" content=\"https:\/\/www.facebook.com\/SerawaHotels\" \/>\n<meta property=\"article:published_time\" content=\"2024-08-07T13:15:51+00:00\" \/>\n<meta property=\"article:modified_time\" content=\"2024-12-16T09:18:40+00:00\" \/>\n<meta property=\"og:image\" content=\"https:\/\/www.serawahotels.com\/hoteles-sostenibles\/wp-content\/uploads\/2024\/08\/Ruta-Moraira-Calpe-11.jpg\" \/>\n\t<meta property=\"og:image:width\" content=\"1200\" \/>\n\t<meta property=\"og:image:height\" content=\"800\" \/>\n\t<meta property=\"og:image:type\" content=\"image\/jpeg\" \/>\n<meta name=\"author\" content=\"admin\" \/>\n<meta name=\"twitter:card\" content=\"summary_large_image\" \/>\n<meta name=\"twitter:creator\" content=\"@serawahotels\" \/>\n<meta name=\"twitter:site\" content=\"@serawahotels\" \/>\n<meta name=\"twitter:label1\" content=\"Escrito por\" \/>\n\t<meta name=\"twitter:data1\" content=\"admin\" \/>\n\t<meta name=\"twitter:label2\" content=\"Tiempo de lectura\" \/>\n\t<meta name=\"twitter:data2\" content=\"10 minutos\" \/>\n<script type=\"application\/ld+json\" class=\"yoast-schema-graph\">{\"@context\":\"https:\/\/schema.org\",\"@graph\":[{\"@type\":\"Article\",\"@id\":\"https:\/\/www.serawahotels.com\/hoteles-sostenibles\/naturaleza\/ruta-moraira-calpe\/#article\",\"isPartOf\":{\"@id\":\"https:\/\/www.serawahotels.com\/hoteles-sostenibles\/naturaleza\/ruta-moraira-calpe\/\"},\"author\":{\"name\":\"admin\",\"@id\":\"https:\/\/www.serawahotels.com\/hoteles-sostenibles\/#\/schema\/person\/a420b721cbd2ce5d963480b306bb9127\"},\"headline\":\"Ruta Calpe-Moraira: Una ruta ecol\u00f3gica de la Cala Cap Blanc hasta Moraira\",\"datePublished\":\"2024-08-07T13:15:51+00:00\",\"dateModified\":\"2024-12-16T09:18:40+00:00\",\"mainEntityOfPage\":{\"@id\":\"https:\/\/www.serawahotels.com\/hoteles-sostenibles\/naturaleza\/ruta-moraira-calpe\/\"},\"wordCount\":1964,\"commentCount\":0,\"publisher\":{\"@id\":\"https:\/\/www.serawahotels.com\/hoteles-sostenibles\/#organization\"},\"image\":{\"@id\":\"https:\/\/www.serawahotels.com\/hoteles-sostenibles\/naturaleza\/ruta-moraira-calpe\/#primaryimage\"},\"thumbnailUrl\":\"https:\/\/www.serawahotels.com\/hoteles-sostenibles\/wp-content\/uploads\/2024\/08\/Ruta-Moraira-Calpe-11.jpg\",\"articleSection\":[\"Costa Blanca\",\"Naturaleza\"],\"inLanguage\":\"es\",\"potentialAction\":[{\"@type\":\"CommentAction\",\"name\":\"Comment\",\"target\":[\"https:\/\/www.serawahotels.com\/hoteles-sostenibles\/naturaleza\/ruta-moraira-calpe\/#respond\"]}]},{\"@type\":\"WebPage\",\"@id\":\"https:\/\/www.serawahotels.com\/hoteles-sostenibles\/naturaleza\/ruta-moraira-calpe\/\",\"url\":\"https:\/\/www.serawahotels.com\/hoteles-sostenibles\/naturaleza\/ruta-moraira-calpe\/\",\"name\":\"Ruta Calpe-Moraira: Una ruta ecol\u00f3gica de calas hasta Moraira\",\"isPartOf\":{\"@id\":\"https:\/\/www.serawahotels.com\/hoteles-sostenibles\/#website\"},\"primaryImageOfPage\":{\"@id\":\"https:\/\/www.serawahotels.com\/hoteles-sostenibles\/naturaleza\/ruta-moraira-calpe\/#primaryimage\"},\"image\":{\"@id\":\"https:\/\/www.serawahotels.com\/hoteles-sostenibles\/naturaleza\/ruta-moraira-calpe\/#primaryimage\"},\"thumbnailUrl\":\"https:\/\/www.serawahotels.com\/hoteles-sostenibles\/wp-content\/uploads\/2024\/08\/Ruta-Moraira-Calpe-11.jpg\",\"datePublished\":\"2024-08-07T13:15:51+00:00\",\"dateModified\":\"2024-12-16T09:18:40+00:00\",\"description\":\"\u00bfQu\u00e9 hacer en Moraira? \u00a1Senderismo por la costa! Disfruta de las calas de Calpe, Benissa y Moraira. Cala Cap Blanc. \u00a1Ver ruta!\",\"breadcrumb\":{\"@id\":\"https:\/\/www.serawahotels.com\/hoteles-sostenibles\/naturaleza\/ruta-moraira-calpe\/#breadcrumb\"},\"inLanguage\":\"es\",\"potentialAction\":[{\"@type\":\"ReadAction\",\"target\":[\"https:\/\/www.serawahotels.com\/hoteles-sostenibles\/naturaleza\/ruta-moraira-calpe\/\"]}]},{\"@type\":\"ImageObject\",\"inLanguage\":\"es\",\"@id\":\"https:\/\/www.serawahotels.com\/hoteles-sostenibles\/naturaleza\/ruta-moraira-calpe\/#primaryimage\",\"url\":\"https:\/\/www.serawahotels.com\/hoteles-sostenibles\/wp-content\/uploads\/2024\/08\/Ruta-Moraira-Calpe-11.jpg\",\"contentUrl\":\"https:\/\/www.serawahotels.com\/hoteles-sostenibles\/wp-content\/uploads\/2024\/08\/Ruta-Moraira-Calpe-11.jpg\",\"width\":1200,\"height\":800,\"caption\":\"Ruta de Calpe a Moraira. Senderismo calas de Moraira\"},{\"@type\":\"BreadcrumbList\",\"@id\":\"https:\/\/www.serawahotels.com\/hoteles-sostenibles\/naturaleza\/ruta-moraira-calpe\/#breadcrumb\",\"itemListElement\":[{\"@type\":\"ListItem\",\"position\":1,\"name\":\"Portada\",\"item\":\"https:\/\/www.serawahotels.com\/hoteles-sostenibles\/\"},{\"@type\":\"ListItem\",\"position\":2,\"name\":\"Ruta Calpe-Moraira: Una ruta ecol\u00f3gica de la Cala Cap Blanc hasta Moraira\"}]},{\"@type\":\"WebSite\",\"@id\":\"https:\/\/www.serawahotels.com\/hoteles-sostenibles\/#website\",\"url\":\"https:\/\/www.serawahotels.com\/hoteles-sostenibles\/\",\"name\":\"SERAWA Vibes ~ Blog de SERAWA Hotels\",\"description\":\"SERAWA Vibes\",\"publisher\":{\"@id\":\"https:\/\/www.serawahotels.com\/hoteles-sostenibles\/#organization\"},\"potentialAction\":[{\"@type\":\"SearchAction\",\"target\":{\"@type\":\"EntryPoint\",\"urlTemplate\":\"https:\/\/www.serawahotels.com\/hoteles-sostenibles\/?s={search_term_string}\"},\"query-input\":{\"@type\":\"PropertyValueSpecification\",\"valueRequired\":true,\"valueName\":\"search_term_string\"}}],\"inLanguage\":\"es\"},{\"@type\":\"Organization\",\"@id\":\"https:\/\/www.serawahotels.com\/hoteles-sostenibles\/#organization\",\"name\":\"SERAWA Vibes ~ Blog de SERAWA Hotels\",\"url\":\"https:\/\/www.serawahotels.com\/hoteles-sostenibles\/\",\"logo\":{\"@type\":\"ImageObject\",\"inLanguage\":\"es\",\"@id\":\"https:\/\/www.serawahotels.com\/hoteles-sostenibles\/#\/schema\/logo\/image\/\",\"url\":\"https:\/\/www.serawahotels.com\/hoteles-sostenibles\/wp-content\/uploads\/2024\/06\/cropped-3.png\",\"contentUrl\":\"https:\/\/www.serawahotels.com\/hoteles-sostenibles\/wp-content\/uploads\/2024\/06\/cropped-3.png\",\"width\":1000,\"height\":285,\"caption\":\"SERAWA Vibes ~ Blog de SERAWA Hotels\"},\"image\":{\"@id\":\"https:\/\/www.serawahotels.com\/hoteles-sostenibles\/#\/schema\/logo\/image\/\"},\"sameAs\":[\"https:\/\/www.facebook.com\/SerawaHotels\",\"https:\/\/x.com\/serawahotels\",\"https:\/\/www.instagram.com\/serawahotels\/\"]},{\"@type\":\"Person\",\"@id\":\"https:\/\/www.serawahotels.com\/hoteles-sostenibles\/#\/schema\/person\/a420b721cbd2ce5d963480b306bb9127\",\"name\":\"admin\",\"image\":{\"@type\":\"ImageObject\",\"inLanguage\":\"es\",\"@id\":\"https:\/\/www.serawahotels.com\/hoteles-sostenibles\/#\/schema\/person\/image\/\",\"url\":\"https:\/\/secure.gravatar.com\/avatar\/85529bad3ac98d10568a10a5d675fbc5043c6f4de598c4bf2e04341541fe32a9?s=96&d=mm&r=g\",\"contentUrl\":\"https:\/\/secure.gravatar.com\/avatar\/85529bad3ac98d10568a10a5d675fbc5043c6f4de598c4bf2e04341541fe32a9?s=96&d=mm&r=g\",\"caption\":\"admin\"},\"sameAs\":[\"https:\/\/www.serawahotels.com\/hoteles-sostenibles\"]}]}<\/script>\n<!-- \/ Yoast SEO plugin. -->","yoast_head_json":{"title":"Ruta Calpe-Moraira: Una ruta ecol\u00f3gica de calas hasta Moraira","description":"\u00bfQu\u00e9 hacer en Moraira? \u00a1Senderismo por la costa! Disfruta de las calas de Calpe, Benissa y Moraira. Cala Cap Blanc. \u00a1Ver ruta!","robots":{"index":"index","follow":"follow","max-snippet":"max-snippet:-1","max-image-preview":"max-image-preview:large","max-video-preview":"max-video-preview:-1"},"canonical":"https:\/\/www.serawahotels.com\/hoteles-sostenibles\/naturaleza\/ruta-moraira-calpe\/","og_locale":"es_ES","og_type":"article","og_title":"Ruta Calpe-Moraira: Una ruta ecol\u00f3gica de calas hasta Moraira","og_description":"\u00bfQu\u00e9 hacer en Moraira? \u00a1Senderismo por la costa! Disfruta de las calas de Calpe, Benissa y Moraira. Cala Cap Blanc. \u00a1Ver ruta!","og_url":"https:\/\/www.serawahotels.com\/hoteles-sostenibles\/naturaleza\/ruta-moraira-calpe\/","og_site_name":"SERAWA Vibes ~ Blog de SERAWA Hotels","article_publisher":"https:\/\/www.facebook.com\/SerawaHotels","article_published_time":"2024-08-07T13:15:51+00:00","article_modified_time":"2024-12-16T09:18:40+00:00","og_image":[{"width":1200,"height":800,"url":"https:\/\/www.serawahotels.com\/hoteles-sostenibles\/wp-content\/uploads\/2024\/08\/Ruta-Moraira-Calpe-11.jpg","type":"image\/jpeg"}],"author":"admin","twitter_card":"summary_large_image","twitter_creator":"@serawahotels","twitter_site":"@serawahotels","twitter_misc":{"Escrito por":"admin","Tiempo de lectura":"10 minutos"},"schema":{"@context":"https:\/\/schema.org","@graph":[{"@type":"Article","@id":"https:\/\/www.serawahotels.com\/hoteles-sostenibles\/naturaleza\/ruta-moraira-calpe\/#article","isPartOf":{"@id":"https:\/\/www.serawahotels.com\/hoteles-sostenibles\/naturaleza\/ruta-moraira-calpe\/"},"author":{"name":"admin","@id":"https:\/\/www.serawahotels.com\/hoteles-sostenibles\/#\/schema\/person\/a420b721cbd2ce5d963480b306bb9127"},"headline":"Ruta Calpe-Moraira: Una ruta ecol\u00f3gica de la Cala Cap Blanc hasta Moraira","datePublished":"2024-08-07T13:15:51+00:00","dateModified":"2024-12-16T09:18:40+00:00","mainEntityOfPage":{"@id":"https:\/\/www.serawahotels.com\/hoteles-sostenibles\/naturaleza\/ruta-moraira-calpe\/"},"wordCount":1964,"commentCount":0,"publisher":{"@id":"https:\/\/www.serawahotels.com\/hoteles-sostenibles\/#organization"},"image":{"@id":"https:\/\/www.serawahotels.com\/hoteles-sostenibles\/naturaleza\/ruta-moraira-calpe\/#primaryimage"},"thumbnailUrl":"https:\/\/www.serawahotels.com\/hoteles-sostenibles\/wp-content\/uploads\/2024\/08\/Ruta-Moraira-Calpe-11.jpg","articleSection":["Costa Blanca","Naturaleza"],"inLanguage":"es","potentialAction":[{"@type":"CommentAction","name":"Comment","target":["https:\/\/www.serawahotels.com\/hoteles-sostenibles\/naturaleza\/ruta-moraira-calpe\/#respond"]}]},{"@type":"WebPage","@id":"https:\/\/www.serawahotels.com\/hoteles-sostenibles\/naturaleza\/ruta-moraira-calpe\/","url":"https:\/\/www.serawahotels.com\/hoteles-sostenibles\/naturaleza\/ruta-moraira-calpe\/","name":"Ruta Calpe-Moraira: Una ruta ecol\u00f3gica de calas hasta Moraira","isPartOf":{"@id":"https:\/\/www.serawahotels.com\/hoteles-sostenibles\/#website"},"primaryImageOfPage":{"@id":"https:\/\/www.serawahotels.com\/hoteles-sostenibles\/naturaleza\/ruta-moraira-calpe\/#primaryimage"},"image":{"@id":"https:\/\/www.serawahotels.com\/hoteles-sostenibles\/naturaleza\/ruta-moraira-calpe\/#primaryimage"},"thumbnailUrl":"https:\/\/www.serawahotels.com\/hoteles-sostenibles\/wp-content\/uploads\/2024\/08\/Ruta-Moraira-Calpe-11.jpg","datePublished":"2024-08-07T13:15:51+00:00","dateModified":"2024-12-16T09:18:40+00:00","description":"\u00bfQu\u00e9 hacer en Moraira? \u00a1Senderismo por la costa! Disfruta de las calas de Calpe, Benissa y Moraira. Cala Cap Blanc. \u00a1Ver ruta!","breadcrumb":{"@id":"https:\/\/www.serawahotels.com\/hoteles-sostenibles\/naturaleza\/ruta-moraira-calpe\/#breadcrumb"},"inLanguage":"es","potentialAction":[{"@type":"ReadAction","target":["https:\/\/www.serawahotels.com\/hoteles-sostenibles\/naturaleza\/ruta-moraira-calpe\/"]}]},{"@type":"ImageObject","inLanguage":"es","@id":"https:\/\/www.serawahotels.com\/hoteles-sostenibles\/naturaleza\/ruta-moraira-calpe\/#primaryimage","url":"https:\/\/www.serawahotels.com\/hoteles-sostenibles\/wp-content\/uploads\/2024\/08\/Ruta-Moraira-Calpe-11.jpg","contentUrl":"https:\/\/www.serawahotels.com\/hoteles-sostenibles\/wp-content\/uploads\/2024\/08\/Ruta-Moraira-Calpe-11.jpg","width":1200,"height":800,"caption":"Ruta de Calpe a Moraira. Senderismo calas de Moraira"},{"@type":"BreadcrumbList","@id":"https:\/\/www.serawahotels.com\/hoteles-sostenibles\/naturaleza\/ruta-moraira-calpe\/#breadcrumb","itemListElement":[{"@type":"ListItem","position":1,"name":"Portada","item":"https:\/\/www.serawahotels.com\/hoteles-sostenibles\/"},{"@type":"ListItem","position":2,"name":"Ruta Calpe-Moraira: Una ruta ecol\u00f3gica de la Cala Cap Blanc hasta Moraira"}]},{"@type":"WebSite","@id":"https:\/\/www.serawahotels.com\/hoteles-sostenibles\/#website","url":"https:\/\/www.serawahotels.com\/hoteles-sostenibles\/","name":"SERAWA Vibes ~ Blog de SERAWA Hotels","description":"SERAWA Vibes","publisher":{"@id":"https:\/\/www.serawahotels.com\/hoteles-sostenibles\/#organization"},"potentialAction":[{"@type":"SearchAction","target":{"@type":"EntryPoint","urlTemplate":"https:\/\/www.serawahotels.com\/hoteles-sostenibles\/?s={search_term_string}"},"query-input":{"@type":"PropertyValueSpecification","valueRequired":true,"valueName":"search_term_string"}}],"inLanguage":"es"},{"@type":"Organization","@id":"https:\/\/www.serawahotels.com\/hoteles-sostenibles\/#organization","name":"SERAWA Vibes ~ Blog de SERAWA Hotels","url":"https:\/\/www.serawahotels.com\/hoteles-sostenibles\/","logo":{"@type":"ImageObject","inLanguage":"es","@id":"https:\/\/www.serawahotels.com\/hoteles-sostenibles\/#\/schema\/logo\/image\/","url":"https:\/\/www.serawahotels.com\/hoteles-sostenibles\/wp-content\/uploads\/2024\/06\/cropped-3.png","contentUrl":"https:\/\/www.serawahotels.com\/hoteles-sostenibles\/wp-content\/uploads\/2024\/06\/cropped-3.png","width":1000,"height":285,"caption":"SERAWA Vibes ~ Blog de SERAWA Hotels"},"image":{"@id":"https:\/\/www.serawahotels.com\/hoteles-sostenibles\/#\/schema\/logo\/image\/"},"sameAs":["https:\/\/www.facebook.com\/SerawaHotels","https:\/\/x.com\/serawahotels","https:\/\/www.instagram.com\/serawahotels\/"]},{"@type":"Person","@id":"https:\/\/www.serawahotels.com\/hoteles-sostenibles\/#\/schema\/person\/a420b721cbd2ce5d963480b306bb9127","name":"admin","image":{"@type":"ImageObject","inLanguage":"es","@id":"https:\/\/www.serawahotels.com\/hoteles-sostenibles\/#\/schema\/person\/image\/","url":"https:\/\/secure.gravatar.com\/avatar\/85529bad3ac98d10568a10a5d675fbc5043c6f4de598c4bf2e04341541fe32a9?s=96&d=mm&r=g","contentUrl":"https:\/\/secure.gravatar.com\/avatar\/85529bad3ac98d10568a10a5d675fbc5043c6f4de598c4bf2e04341541fe32a9?s=96&d=mm&r=g","caption":"admin"},"sameAs":["https:\/\/www.serawahotels.com\/hoteles-sostenibles"]}]}},"_links":{"self":[{"href":"https:\/\/www.serawahotels.com\/hoteles-sostenibles\/wp-json\/wp\/v2\/posts\/1211","targetHints":{"allow":["GET"]}}],"collection":[{"href":"https:\/\/www.serawahotels.com\/hoteles-sostenibles\/wp-json\/wp\/v2\/posts"}],"about":[{"href":"https:\/\/www.serawahotels.com\/hoteles-sostenibles\/wp-json\/wp\/v2\/types\/post"}],"author":[{"embeddable":true,"href":"https:\/\/www.serawahotels.com\/hoteles-sostenibles\/wp-json\/wp\/v2\/users\/1"}],"replies":[{"embeddable":true,"href":"https:\/\/www.serawahotels.com\/hoteles-sostenibles\/wp-json\/wp\/v2\/comments?post=1211"}],"version-history":[{"count":11,"href":"https:\/\/www.serawahotels.com\/hoteles-sostenibles\/wp-json\/wp\/v2\/posts\/1211\/revisions"}],"predecessor-version":[{"id":1578,"href":"https:\/\/www.serawahotels.com\/hoteles-sostenibles\/wp-json\/wp\/v2\/posts\/1211\/revisions\/1578"}],"wp:featuredmedia":[{"embeddable":true,"href":"https:\/\/www.serawahotels.com\/hoteles-sostenibles\/wp-json\/wp\/v2\/media\/1212"}],"wp:attachment":[{"href":"https:\/\/www.serawahotels.com\/hoteles-sostenibles\/wp-json\/wp\/v2\/media?parent=1211"}],"wp:term":[{"taxonomy":"category","embeddable":true,"href":"https:\/\/www.serawahotels.com\/hoteles-sostenibles\/wp-json\/wp\/v2\/categories?post=1211"},{"taxonomy":"post_tag","embeddable":true,"href":"https:\/\/www.serawahotels.com\/hoteles-sostenibles\/wp-json\/wp\/v2\/tags?post=1211"}],"curies":[{"name":"wp","href":"https:\/\/api.w.org\/{rel}","templated":true}]}}